{"id":66,"date":"2020-06-02T19:03:00","date_gmt":"2020-06-02T19:03:00","guid":{"rendered":"http:\/\/whatsappcancun.com\/?p=66"},"modified":"2020-06-02T19:03:00","modified_gmt":"2020-06-02T19:03:00","slug":"regreso-a-clases-aqui-consulta-la-boleta-de-calificaciones-de-tus-hijos","status":"publish","type":"post","link":"https:\/\/podernacional.com\/?p=66","title":{"rendered":"Regreso a clases: aqu\u00ed consulta la boleta de calificaciones de tus hijos"},"content":{"rendered":"\n<p>El&nbsp;<strong>ciclo escolar 2019- 2020<\/strong>&nbsp;est\u00e1 por concluir y la mayor\u00eda de los alumnos lo hicieron tomando clases virtuales debido al&nbsp;<strong>confinamiento por COVID-19.<\/strong>&nbsp;De acuerdo con las medidas de la SEP s<strong>e podr\u00e1 evaluar el aprovechamiento de estudiantes de nivel b\u00e1sico con los tres primeros trimestres, que equivalen el 73 por ciento del ciclo escolar.<\/strong><\/p>\n\n\n\n<p>Recordemos que&nbsp;<strong>el regreso a clases para la educaci\u00f3n b\u00e1sica (preescolar, primaria y secundaria) ser\u00e1 el 10 de agosto, siempre y cuando se cuente con el sem\u00e1foro en verde ante el COVID-19<\/strong>.<\/p>\n\n\n\n<figure class=\"wp-block-image\"><img decoding=\"async\" src=\"http:\/\/wrmx00.epimg.net\/radio\/imagenes\/2020\/05\/31\/nacional\/1590951826_758702_1590952577_sumario_normal.jpg\" alt=\"El regreso a clases para la educaci\u00f3n b\u00e1sica (preescolar, primaria y secundaria) ser\u00e1 el 10 de agosto, siempre y cuando se cuente con el sem\u00e1foro en verde ante el COVID-19\" title=\"El regreso a clases para la educaci\u00f3n b\u00e1sica (preescolar, primaria y secundaria) ser\u00e1 el 10 de agosto, siempre y cuando se cuente con el sem\u00e1foro en verde ante el COVID-19\"\/><figcaption>El regreso a clases para la educaci\u00f3n b\u00e1sica (preescolar, primaria y secundaria) ser\u00e1 el 10 de agosto, siempre y cuando se cuente con el sem\u00e1foro en verde ante el COVID-19 \/ CUARTOSCURO<\/figcaption><\/figure>\n\n\n\n<p><a href=\"http:\/\/wradio.com.mx\/radio\/2020\/05\/29\/nacional\/1590774060_776295.html\" target=\"_blank\" rel=\"noreferrer noopener\">Tambi\u00e9n te puede interesar: \u00bfEst\u00e1s por entrar a bachillerato? Aqu\u00ed las 4 fechas de tu examen de ingreso<\/a><\/p>\n\n\n\n<p>A los alumnos tambi\u00e9n&nbsp;<strong>se les considerar\u00e1 su carpeta de experiencias, que han realizado durante la cuarentena,<\/strong>&nbsp;el objetivo de las carpetas es solo ayudar a los alumnos m\u00e1s no perjudicarlos en sus calificaciones.<\/p>\n\n\n\n<p>Al momento de que se justen todas estas actividades los padres de familia querr\u00e1n saber las calificaciones finales de sus hijos, por ello&nbsp;<strong>te contamos que la Secretar\u00eda de Educaci\u00f3n P\u00fablica (SEP) tiene una plataforma digital para poder consultar los promedios.<\/strong><\/p>\n\n\n\n<figure class=\"wp-block-image\"><img decoding=\"async\" src=\"http:\/\/wrmx00.epimg.net\/radio\/imagenes\/2020\/05\/31\/nacional\/1590951826_758702_1590953025_sumario_normal.jpg\" alt=\"A los alumnos tambi\u00e9n se les considerar\u00e1 su carpeta de experiencias, que han realizado durante la cuarentena\" title=\"A los alumnos tambi\u00e9n se les considerar\u00e1 su carpeta de experiencias, que han realizado durante la cuarentena\"\/><figcaption>A los alumnos tambi\u00e9n se les considerar\u00e1 su carpeta de experiencias, que han realizado durante la cuarentena \/ CUARTOSCURO<\/figcaption><\/figure>\n\n\n\n<h4 class=\"wp-block-heading\"><strong>A CONTINUACI\u00d3N TE EXPLICAMOS EL PROCEDIMIENTO<\/strong><\/h4>\n\n\n\n<ul class=\"wp-block-list\"><li>Tendr\u00e1s que ingresar a la direcci\u00f3n del&nbsp;<a href=\"https:\/\/www.siged.sep.gob.mx\/SIGED\/\" target=\"_blank\" rel=\"noreferrer noopener\">Sistema de Informaci\u00f3n y Gesti\u00f3n Educativa (SIGED)<\/a><\/li><li>Ya que est\u00e9s en la p\u00e1gina deber\u00e1s dar click en la pesta\u00f1a que dice alumno<\/li><\/ul>\n\n\n\n<p><a href=\"http:\/\/wradio.com.mx\/radio\/2020\/05\/29\/nacional\/1590768208_435781.html\" target=\"_blank\" rel=\"noreferrer noopener\">Tambi\u00e9n te puede interesar: As\u00ed ser\u00e1 tu regreso a clases ante la nueva normalidad por COVID-19<\/a><\/p>\n\n\n\n<figure class=\"wp-block-image\"><img decoding=\"async\" src=\"http:\/\/wrmx00.epimg.net\/radio\/imagenes\/2020\/05\/31\/nacional\/1590951826_758702_1590953326_sumario_normal.jpg\" alt=\"Regreso a clases: aqu\u00ed consulta la boleta de calificaciones de tus hijos\" title=\"Regreso a clases: aqu\u00ed consulta la boleta de calificaciones de tus hijos\"\/><\/figure>\n\n\n\n<ul class=\"wp-block-list\"><li>Luego ser\u00e1 necesario que tengas a la mano el CURP para que puedas buscar las calificaciones de tu hijo<\/li><li>De manera inmediata te dar\u00e1n las calificaciones correspondientes al ciclo escolar 2019-2020.<\/li><\/ul>\n\n\n\n<p>En el caso de los estados&nbsp;<strong>la SEP tambi\u00e9n implement\u00f3 un sitio web para las calificaciones de cada alumno,<\/strong>&nbsp;por lo que es una forma m\u00e1s f\u00e1cil y segura para prevenir que la gente salga y acuda a los institutos.<\/p>\n\n\n\n<figure class=\"wp-block-image\"><img decoding=\"async\" src=\"http:\/\/wrmx00.epimg.net\/radio\/imagenes\/2020\/05\/31\/nacional\/1590951826_758702_1590953467_sumario_normal.jpg\" alt=\"Regreso a clases: aqu\u00ed consulta la boleta de calificaciones de tus hijos\" title=\"Regreso a clases: aqu\u00ed consulta la boleta de calificaciones de tus hijos\"\/><figcaption>Twitter @SEP_mx<\/figcaption><\/figure>\n","protected":false},"excerpt":{"rendered":"<p>El&nbsp;ciclo escolar 2019- 2020&nbsp;est\u00e1 por concluir y la mayor\u00eda de los alumnos lo hicieron tomando clases virtuales debido al&nbsp;confinamiento por COVID-19.&nbsp;De acuerdo con las medidas de la SEP se podr\u00e1 evaluar el aprovechamiento de estudiantes de nivel b\u00e1sico con los tres primeros trimestres, que equivalen el 73 por ciento del ciclo escolar. Recordemos que&nbsp;el regreso [&hellip;]<\/p>\n","protected":false},"author":1,"featured_media":67,"comment_status":"open","ping_status":"open","sticky":false,"template":"","format":"standard","meta":{"footnotes":""},"categories":[7],"tags":[],"class_list":["post-66","post","type-post","status-publish","format-standard","has-post-thumbnail","hentry","category-nacional"],"_links":{"self":[{"href":"https:\/\/podernacional.com\/index.php?rest_route=\/wp\/v2\/posts\/66","targetHints":{"allow":["GET"]}}],"collection":[{"href":"https:\/\/podernacional.com\/index.php?rest_route=\/wp\/v2\/posts"}],"about":[{"href":"https:\/\/podernacional.com\/index.php?rest_route=\/wp\/v2\/types\/post"}],"author":[{"embeddable":true,"href":"https:\/\/podernacional.com\/index.php?rest_route=\/wp\/v2\/users\/1"}],"replies":[{"embeddable":true,"href":"https:\/\/podernacional.com\/index.php?rest_route=%2Fwp%2Fv2%2Fcomments&post=66"}],"version-history":[{"count":0,"href":"https:\/\/podernacional.com\/index.php?rest_route=\/wp\/v2\/posts\/66\/revisions"}],"wp:featuredmedia":[{"embeddable":true,"href":"https:\/\/podernacional.com\/index.php?rest_route=\/wp\/v2\/media\/67"}],"wp:attachment":[{"href":"https:\/\/podernacional.com\/index.php?rest_route=%2Fwp%2Fv2%2Fmedia&parent=66"}],"wp:term":[{"taxonomy":"category","embeddable":true,"href":"https:\/\/podernacional.com\/index.php?rest_route=%2Fwp%2Fv2%2Fcategories&post=66"},{"taxonomy":"post_tag","embeddable":true,"href":"https:\/\/podernacional.com\/index.php?rest_route=%2Fwp%2Fv2%2Ftags&post=66"}],"curies":[{"name":"wp","href":"https:\/\/api.w.org\/{rel}","templated":true}]}}