{"id":6627,"date":"2022-06-15T00:44:49","date_gmt":"2022-06-15T00:44:49","guid":{"rendered":"https:\/\/whatsappmexico.com\/?p=6627"},"modified":"2022-06-15T00:44:49","modified_gmt":"2022-06-15T00:44:49","slug":"brasil-privatiza-eletrobras-la-mayor-empresa-de-energia-de-latinoamerica","status":"publish","type":"post","link":"https:\/\/podernacional.com\/?p=6627","title":{"rendered":"Brasil privatiza Eletrobras, la mayor empresa de energ\u00eda de Latinoam\u00e9rica"},"content":{"rendered":"<h4>Jair Bolsonaro sell\u00f3 de manera simb\u00f3lica la principal operaci\u00f3n de desestatalizaci\u00f3n de su Gobierno en la Bolsa de Sao Paulo a pocos meses de las elecciones<\/h4>\n<p>El Gobierno brasile\u00f1o escenific\u00f3 este martes en la Bolsa de S\u00e3o Paulo el inicio de la recta final de la privatizaci\u00f3n de <a href=\"https:\/\/eletrobras.com\/pt\/Paginas\/Home.aspx\">Eletrobras<\/a>.<\/p>\n<p>La mayor empresa de energ\u00eda de Latinoam\u00e9rica.<\/p>\n<p>El tradicional acto del toque de la campana cont\u00f3 con la presencia del presidente Jair Bolsonaro y del ministro de Econom\u00eda, Paulo Guedes.<\/p>\n<p>Los cuales celebraron la capitalizaci\u00f3n de la empresa tras dos a\u00f1os y medio de tr\u00e1mites.<\/p>\n<p>El ministro argument\u00f3 que la empresa estaba perdiendo fuerza porque ya no ten\u00eda capacidad de invertir. Privatizarla era la soluci\u00f3n.<\/p>\n<p>Despu\u00e9s de 60 a\u00f1os, el Estado brasile\u00f1o deja de ser el accionista mayoritario de Eletrobras, una empresa con 14.000 trabajadores y que cerr\u00f3 2021.<\/p>\n<p>Teniendo un beneficio de 5.700 millones de reales (1.094 millones de d\u00f3lares, 1.050 millones de euros).<\/p>\n<p>Cuando termine el proceso de privatizaci\u00f3n, en las pr\u00f3ximas semanas, la participaci\u00f3n del Gobierno brasile\u00f1o pasar\u00e1 del 72% al 45%.<\/p>\n<p>La oferta p\u00fablica de acciones recaud\u00f3 29.290 millones de reales (5.724 millones de d\u00f3lares, 5.495 millones de euros), con cada acci\u00f3n negociada a 42 reales<\/p>\n<p>&nbsp;<\/p>\n<h4>Se trata de la mayor oferta de acciones en la Bolsa brasile\u00f1a desde la megacapitalizaci\u00f3n de Petrobras en 2010.<\/h4>\n<p>\u201cLa misi\u00f3n es dejar este legado para las generaciones futuras\u201d.<\/p>\n<p>Es la mayor empresa de generaci\u00f3n de energ\u00eda limpia y renovable del mundo que est\u00e1 libre.<\/p>\n<p>Es como un hijo que sali\u00f3 de casa a los 18 a\u00f1os y fue a buscarse la vida.<\/p>\n<p>\u201cAhora vencer\u00e1 y ya no necesita estar bajo la protecci\u00f3n del Estado\u201d, afirm\u00f3 Guedes, a\u00f1adiendo que la empresa es \u201cgarant\u00eda de la seguridad energ\u00e9tica brasile\u00f1a\u201d.<\/p>\n<p>El ministro de Minas y Energ\u00eda, Adolfo Sachsida, afirm\u00f3 que la privatizaci\u00f3n beneficiar\u00e1 al consumidor final.<\/p>\n<p>Con esto reduciendo el riesgo hidrol\u00f3gico (la dependencia de Brasil del agua de las presas y el peso que esto tiene en la factura).<\/p>\n<p>Por lo que augura bajadas en las tarifas.<\/p>\n<p>Adem\u00e1s, afirm\u00f3 que, la empresa tendr\u00e1 la obligaci\u00f3n de invertir 8.700 millones de reales (1.700 millones de d\u00f3lares, 1.631 millones de euros) en proyectos.<\/p>\n<p>Con esto la privatizaci\u00f3n tambi\u00e9n incluye un compromiso para restaurar la cuenca del r\u00edo San Francisco y m\u00e1s inversiones en energ\u00eda renovable.<\/p>\n<p>&nbsp;<\/p>\n<h4>El Gobierno present\u00f3 el proyecto de privatizaci\u00f3n de Eletrobras.<\/h4>\n<p>Fue presentado al Congreso Nacional en 2019, superando lentos tr\u00e1mites parlamentarios y cont\u00f3 con el visto del Tribunal de Cuentas de la Uni\u00f3n en ocasiones.<\/p>\n<p>El CEO de Eletrobras, Rodrigo Limp, explic\u00f3.<\/p>\n<p>Que la expectativa es que termine \u201ca finales de julio\u201d, tras la aprobaci\u00f3n en las asambleas.<\/p>\n<p>Cada una de las empresas que integran el gigante el\u00e9ctrico son; Chesf, Eletronorte y Furnas.<\/p>\n<p>El PT ve un proceso \u201clleno de irregularidades\u201d<\/p>\n<p>La privatizaci\u00f3n de <a href=\"https:\/\/eletrobras.com\/pt\/Paginas\/Home.aspx\">Eletrobras<\/a> es el logro m\u00e1s importante de la agenda liberal de Guedes en el Gobierno y da en el tiempo de descuento.<\/p>\n<p>Seg\u00fan todas las encuestas hasta la fecha, podr\u00edan devolver al expresidente Luiz In\u00e1cio Lula da Silva al Palacio del Planalto.<\/p>\n<p>El l\u00edder del PT se mostr\u00f3 contrario a la privatizaci\u00f3n de Eletrobras porque considera que el Gobierno perder\u00eda la capacidad de realizar programas sociales.<\/p>\n<p>La semana pasada, uno de sus principales interlocutores, el exministro Alexandre Padilha.<\/p>\n<p>Asegur\u00f3 en un encuentro con empresarios que el proceso de privatizaci\u00f3n podr\u00eda ser contestado en la Justicia.<\/p>\n<p>\u201cEl inversor que ponga dinero en esa privatizaci\u00f3n llena de irregularidades puede estar dando un tiro al aire\u201d, advirti\u00f3.<\/p>\n<p>No obstante, matiz\u00f3 que si la privatizaci\u00f3n se confirma, un eventual Gobierno de Lula no revertir\u00eda la venta de las acciones.<\/p>\n<p>A las puertas de la Bolsa de S\u00e3o Paulo, este martes, decenas de manifestantes protestaban contra lo que consideran un ataque a la soberan\u00eda nacional.<\/p>\n","protected":false},"excerpt":{"rendered":"<p>Jair Bolsonaro sell\u00f3 de manera simb\u00f3lica la principal operaci\u00f3n de desestatalizaci\u00f3n de su Gobierno en la Bolsa de Sao Paulo a pocos meses de las elecciones El Gobierno brasile\u00f1o escenific\u00f3 este martes en la Bolsa de S\u00e3o Paulo el inicio de la recta final de la privatizaci\u00f3n de Eletrobras. La mayor empresa de energ\u00eda de [&hellip;]<\/p>\n","protected":false},"author":1,"featured_media":6628,"comment_status":"open","ping_status":"open","sticky":false,"template":"","format":"standard","meta":{"footnotes":""},"categories":[5,9],"tags":[],"class_list":["post-6627","post","type-post","status-publish","format-standard","has-post-thumbnail","hentry","category-internacional","category-politica"],"_links":{"self":[{"href":"https:\/\/podernacional.com\/index.php?rest_route=\/wp\/v2\/posts\/6627","targetHints":{"allow":["GET"]}}],"collection":[{"href":"https:\/\/podernacional.com\/index.php?rest_route=\/wp\/v2\/posts"}],"about":[{"href":"https:\/\/podernacional.com\/index.php?rest_route=\/wp\/v2\/types\/post"}],"author":[{"embeddable":true,"href":"https:\/\/podernacional.com\/index.php?rest_route=\/wp\/v2\/users\/1"}],"replies":[{"embeddable":true,"href":"https:\/\/podernacional.com\/index.php?rest_route=%2Fwp%2Fv2%2Fcomments&post=6627"}],"version-history":[{"count":0,"href":"https:\/\/podernacional.com\/index.php?rest_route=\/wp\/v2\/posts\/6627\/revisions"}],"wp:featuredmedia":[{"embeddable":true,"href":"https:\/\/podernacional.com\/index.php?rest_route=\/wp\/v2\/media\/6628"}],"wp:attachment":[{"href":"https:\/\/podernacional.com\/index.php?rest_route=%2Fwp%2Fv2%2Fmedia&parent=6627"}],"wp:term":[{"taxonomy":"category","embeddable":true,"href":"https:\/\/podernacional.com\/index.php?rest_route=%2Fwp%2Fv2%2Fcategories&post=6627"},{"taxonomy":"post_tag","embeddable":true,"href":"https:\/\/podernacional.com\/index.php?rest_route=%2Fwp%2Fv2%2Ftags&post=6627"}],"curies":[{"name":"wp","href":"https:\/\/api.w.org\/{rel}","templated":true}]}}