{"id":6633,"date":"2022-06-15T01:08:52","date_gmt":"2022-06-15T01:08:52","guid":{"rendered":"https:\/\/whatsappmexico.com\/?p=6633"},"modified":"2022-06-15T01:08:52","modified_gmt":"2022-06-15T01:08:52","slug":"cecytes-de-quintana-roo-se-suman-a-paro-nacional","status":"publish","type":"post","link":"https:\/\/podernacional.com\/?p=6633","title":{"rendered":"Cecytes de Quintana Roo se suman a paro nacional"},"content":{"rendered":"<h4>Exigen igualdad de salarios y otros beneficios para la plantilla sindical; las clases contin\u00faan<\/h4>\n<p>Los planteles del Colegio de Estudios Cient\u00edficos y Tecnol\u00f3gicos del Estado (Cecyte) de Quintana Roo se unieron al paro laboral a nivel nacional.<\/p>\n<p>Ya que buscan de este subsistema pedir igualdad de salarios y otros beneficios a la plantilla sindical.<\/p>\n<p>Al respecto, <a href=\"https:\/\/galucomunicacion.com\/tag\/carlos-javier-ramirez-acosta\/\">Carlos Javier Ram\u00edrez Acosta<\/a>, director del Cecyte plantel Tulum, inform\u00f3 que no es un paro \u201ccomo tal\u201d.<\/p>\n<p>Puesto que \u00fanicamente est\u00e1n dando a conocer algunas necesidades mediante lonas a las afueras de los planteles.<\/p>\n<p>\u201cDejar en claro que aunque nos encontremos en la recta final del ciclo escolar y aunque estemos apoyando este movimiento\u201d,.<\/p>\n<p>\u201cLos maestros y alumnos se est\u00e1n presentando a clases con normalidad\u201d, sostuvo.<\/p>\n<p>Apunt\u00f3 que hay un mensaje dirigido por parte de la Confederaci\u00f3n de Sindicatos de Cecytes en Quintana Roo para Juan Pablo Arroyo Ortiz.<\/p>\n<p>El es subsecretario de la Educaci\u00f3n Media Superior, y a la comisi\u00f3n de educaci\u00f3n del Congreso de la Uni\u00f3n.<\/p>\n<p>&nbsp;<\/p>\n<h4>Buscan que velen por los intereses de los docentes.<\/h4>\n<p>\u201cExigimos urgentemente se establezcan las mesas de trabajo\u201d<\/p>\n<p>Para dar seguimiento a los procesos de homologaci\u00f3n, promoci\u00f3n docente y recategorizaci\u00f3n del personal administrativo de Cecytes.<\/p>\n<p>Con esto que nos incluyan a los trabajadores de la educaci\u00f3n media superior en el incremento salarial anunciado por la Secretar\u00eda de Educaci\u00f3n P\u00fablica (SEP),.<\/p>\n<p>Se lee en la pancarta difundida a nivel nacional y que fue colocada en las diferentes escuelas.<\/p>\n<p>Por otra parte, dio a conocer que el semestre termina el 17 de junio y ahora est\u00e1n en captura de calificaciones por parte de los docentes.<\/p>\n<p>Al preguntarle a algunos alumnos y padres de familia sobre este movimiento, dijeron que desconocen a fondo el caso.<\/p>\n<p>No obstante las clases \u2013que est\u00e1n por terminar su ciclo- contin\u00faan para quienes reprobaron.<\/p>\n<p>A\u00f1adieron que as\u00ed como han estado en contra de algunos casos de abusos en el plantel.<\/p>\n<p>Tambi\u00e9n apoyan este tipo de situaciones, donde los maestros piden salarios y otras prestaciones dignas.<\/p>\n","protected":false},"excerpt":{"rendered":"<p>Exigen igualdad de salarios y otros beneficios para la plantilla sindical; las clases contin\u00faan Los planteles del Colegio de Estudios Cient\u00edficos y Tecnol\u00f3gicos del Estado (Cecyte) de Quintana Roo se unieron al paro laboral a nivel nacional. Ya que buscan de este subsistema pedir igualdad de salarios y otros beneficios a la plantilla sindical. Al [&hellip;]<\/p>\n","protected":false},"author":1,"featured_media":6634,"comment_status":"open","ping_status":"open","sticky":false,"template":"","format":"standard","meta":{"footnotes":""},"categories":[6,10],"tags":[],"class_list":["post-6633","post","type-post","status-publish","format-standard","has-post-thumbnail","hentry","category-local","category-quintana-roo"],"_links":{"self":[{"href":"https:\/\/podernacional.com\/index.php?rest_route=\/wp\/v2\/posts\/6633","targetHints":{"allow":["GET"]}}],"collection":[{"href":"https:\/\/podernacional.com\/index.php?rest_route=\/wp\/v2\/posts"}],"about":[{"href":"https:\/\/podernacional.com\/index.php?rest_route=\/wp\/v2\/types\/post"}],"author":[{"embeddable":true,"href":"https:\/\/podernacional.com\/index.php?rest_route=\/wp\/v2\/users\/1"}],"replies":[{"embeddable":true,"href":"https:\/\/podernacional.com\/index.php?rest_route=%2Fwp%2Fv2%2Fcomments&post=6633"}],"version-history":[{"count":0,"href":"https:\/\/podernacional.com\/index.php?rest_route=\/wp\/v2\/posts\/6633\/revisions"}],"wp:featuredmedia":[{"embeddable":true,"href":"https:\/\/podernacional.com\/index.php?rest_route=\/wp\/v2\/media\/6634"}],"wp:attachment":[{"href":"https:\/\/podernacional.com\/index.php?rest_route=%2Fwp%2Fv2%2Fmedia&parent=6633"}],"wp:term":[{"taxonomy":"category","embeddable":true,"href":"https:\/\/podernacional.com\/index.php?rest_route=%2Fwp%2Fv2%2Fcategories&post=6633"},{"taxonomy":"post_tag","embeddable":true,"href":"https:\/\/podernacional.com\/index.php?rest_route=%2Fwp%2Fv2%2Ftags&post=6633"}],"curies":[{"name":"wp","href":"https:\/\/api.w.org\/{rel}","templated":true}]}}