{"id":6662,"date":"2022-06-15T23:02:44","date_gmt":"2022-06-15T23:02:44","guid":{"rendered":"https:\/\/whatsappmexico.com\/?p=6662"},"modified":"2022-06-15T23:02:44","modified_gmt":"2022-06-15T23:02:44","slug":"el-juez-villena-le-encargo-a-la-policia-de-la-ciudad-la-pericia-de-los-telefonos-y-tablets-secuestrados-a-los-tripulantes-del-avion-sospechoso","status":"publish","type":"post","link":"https:\/\/podernacional.com\/?p=6662","title":{"rendered":"El juez Villena le encarg\u00f3 a la Polic\u00eda de la Ciudad la pericia de los tel\u00e9fonos y tablets secuestrados a los tripulantes del avi\u00f3n sospechoso"},"content":{"rendered":"<h4>El magistrado decidi\u00f3 correr a las fuerzas de seguridad nacionales porque est\u00e1n involucradas en la investigaci\u00f3n.<\/h4>\n<p>Sin embargo, el operativo en el hotel durante la madrugada estuvo a cargo de la PFA<\/p>\n<p>El operativo realizado esta madrugada en el hotel Hotel Plaza Central Canning de Ezeiza.<\/p>\n<p>Lugar donde est\u00e1n alojados los 5 iran\u00edes y los 14 venezolanos que viajaron en el avi\u00f3n de Emtrasur.<\/p>\n<p>Aunque termin\u00f3 a media ma\u00f1ana con un total de 18 tel\u00e9fonos secuestrados y 7 tablets.<\/p>\n<p>Es una prueba clave para avanzar con la investigaci\u00f3n judicial.<\/p>\n<p>&nbsp;<\/p>\n<h4>En esos aparatos podr\u00eda haber informaci\u00f3n desconocida sobre los tripulantes, aunque ya pas\u00f3 una semana desde el aterrizaje en Ezeiza.<\/h4>\n<p>Por ese motivo, el magistrado decidi\u00f3 encargar esa pericia al \u00e1rea de Cibercrimen de la Polic\u00eda de la Ciudad.<\/p>\n<p>\u201cNo fue un allanamiento t\u00e9cnicamente, se secuestr\u00f3 material de inter\u00e9s para la causa\u201d, explic\u00f3 una fuente de la investigaci\u00f3n.<\/p>\n<p>El procedimiento comenz\u00f3 a la madrugada y estuvo a cargo del Departamento Unidad de Investigaci\u00f3n Antiterrorista (DUIA) de la PFA, que dispuso unos 25 agentes.<\/p>\n<p>Sobre el final se sumaron un pu\u00f1ado de agentes de la Polic\u00eda de la Ciudad para llevarse los aparatos secuestrados.<\/p>\n<p>De esa manera, las pericias quedar\u00e1n a cargo del \u00e1rea de Cibercrimen.<\/p>\n<p>Ya que estuvo al frente de decenas de investigaciones sensibles como la causa por la muerte del fiscal Alberto Nisman.<\/p>\n<p>El juez decidi\u00f3 apartar a las fuerzas de seguridad nacionales que dependen del ministro <a href=\"https:\/\/twitter.com\/FernandezAnibal\">An\u00edbal Fern\u00e1ndez<\/a> porque la PSA y la PFA estuvieron involucradas.<\/p>\n<p>En dicho\u00a0operativo para revisar el avi\u00f3n\u00a0(la semana pasada), y ahora est\u00e1n bajo investigaci\u00f3n.<\/p>\n<p>\u201cNo hubo resistencia de los tripulantes, hasta entregaron las claves de los tel\u00e9fonos\u201d, apunt\u00f3 una fuente que monitore\u00f3 el operativo en el hotel.<\/p>\n<p>&nbsp;<\/p>\n<h4>La Polic\u00eda de la Ciudad cuenta con la tecnolog\u00eda necesaria para abrir los tel\u00e9fonos si fuera necesario.<\/h4>\n<p>Anoche hab\u00eda trascendido que los venezolanos de al tripulaci\u00f3n ten\u00edan previsto abordar un avi\u00f3n de Conviasa, la aerol\u00ednea venezolana due\u00f1a de la aeronave inmovilizada.<\/p>\n<p>Esa aeronave finalmente no aterriz\u00f3 esta madrugada en Ezeiza.<\/p>\n<p>Una fuente judicial descart\u00f3 que el operativo de esta ma\u00f1ana en el hotel de Canning tenga relaci\u00f3n con ese trascendido.<\/p>\n<p>El procedimiento es unas de las medidas de prueba solicitadas por la fiscal Cecilia Incardona, quien firm\u00f3 un requerimiento de instrucci\u00f3n.<\/p>\n<p>En el cual\u00a0causa que se inici\u00f3 por la denuncia presentada por la Delegaci\u00f3n de Asociaciones Israelitas Argentinas (DAIA).<\/p>\n<p>El expediente judicial ya acumul\u00f3 tres causas con el mismo objeto procesal:<\/p>\n<p>La denuncia que realizaron los diputados L\u00f3pez Murphy y Gerardo Milman.<\/p>\n<p>En conjunto con el consultor aeron\u00e1utico Franco Rinaldi, otro expediente que impuls\u00f3 el juez Villena al extraer testimonios, y finalmente la denuncia de la DAIA.<\/p>\n<p>Bajo secreto de sumario, el juez activ\u00f3 el procedimiento en el hotel, donde los pasajeros fueron identificados y se tomaron sus huellas dactilares.<\/p>\n<p>Tal como hab\u00edan pedido el diputado Milman.<\/p>\n<p>Adem\u00e1s fueron formalmente notificados de la causa y se le prohibi\u00f3 la salida del pa\u00eds.<\/p>\n<p>&nbsp;<\/p>\n<h4>En las pr\u00f3ximas horas, el juez Villena seguir\u00e1 ordenando medidas de prueba.<\/h4>\n<p>La DAIA pidi\u00f3 ayer que se libre un oficio a la compa\u00f1\u00eda que recibi\u00f3 las autopartes, al Departamento del Tesoro de los Estados Unidos.<\/p>\n<p>El cual hab\u00eda sancionada a la aerol\u00ednea venezolana, CONVIASA.<\/p>\n<p>Y busca\u00a0que se libre un exhorto a Interpol para que se expida al respecto de los pasajeros que ven\u00edan en el vuelo.<\/p>\n<p>El juez Villena intervino reci\u00e9n el s\u00e1bado a la ma\u00f1ana a partir de un habeas corpus del abogado Rafael Resnick Brenner.<\/p>\n<p>El juez le pidi\u00f3 informaci\u00f3n a Migraciones, a la PSA, a la ANAC, a la Aduana, y a la Empresa Argentina de Navegacio\u0301n Ae\u0301rea (EANA).<\/p>\n<p>Aunque\u00a0el domingo a la noche rechaz\u00f3 ese pedido, pero mantuvo las restricciones sobre los pasaportes.<\/p>\n<p>Resnick Brenner ya no defiende a los tripulantes. \u201cSolo me contrataron para el habeas corpus\u201d, le dijo a este medio.<\/p>\n<p>Ayer, el juez prorrog\u00f3 el secuestro de los pasaportes por 72 horas. Fue una manera de ganar tiempo para reunir toda la informaci\u00f3n posible.<\/p>\n","protected":false},"excerpt":{"rendered":"<p>El magistrado decidi\u00f3 correr a las fuerzas de seguridad nacionales porque est\u00e1n involucradas en la investigaci\u00f3n. Sin embargo, el operativo en el hotel durante la madrugada estuvo a cargo de la PFA El operativo realizado esta madrugada en el hotel Hotel Plaza Central Canning de Ezeiza. Lugar donde est\u00e1n alojados los 5 iran\u00edes y los [&hellip;]<\/p>\n","protected":false},"author":1,"featured_media":6663,"comment_status":"open","ping_status":"open","sticky":false,"template":"","format":"standard","meta":{"footnotes":""},"categories":[5,8],"tags":[],"class_list":["post-6662","post","type-post","status-publish","format-standard","has-post-thumbnail","hentry","category-internacional","category-policia"],"_links":{"self":[{"href":"https:\/\/podernacional.com\/index.php?rest_route=\/wp\/v2\/posts\/6662","targetHints":{"allow":["GET"]}}],"collection":[{"href":"https:\/\/podernacional.com\/index.php?rest_route=\/wp\/v2\/posts"}],"about":[{"href":"https:\/\/podernacional.com\/index.php?rest_route=\/wp\/v2\/types\/post"}],"author":[{"embeddable":true,"href":"https:\/\/podernacional.com\/index.php?rest_route=\/wp\/v2\/users\/1"}],"replies":[{"embeddable":true,"href":"https:\/\/podernacional.com\/index.php?rest_route=%2Fwp%2Fv2%2Fcomments&post=6662"}],"version-history":[{"count":0,"href":"https:\/\/podernacional.com\/index.php?rest_route=\/wp\/v2\/posts\/6662\/revisions"}],"wp:featuredmedia":[{"embeddable":true,"href":"https:\/\/podernacional.com\/index.php?rest_route=\/wp\/v2\/media\/6663"}],"wp:attachment":[{"href":"https:\/\/podernacional.com\/index.php?rest_route=%2Fwp%2Fv2%2Fmedia&parent=6662"}],"wp:term":[{"taxonomy":"category","embeddable":true,"href":"https:\/\/podernacional.com\/index.php?rest_route=%2Fwp%2Fv2%2Fcategories&post=6662"},{"taxonomy":"post_tag","embeddable":true,"href":"https:\/\/podernacional.com\/index.php?rest_route=%2Fwp%2Fv2%2Ftags&post=6662"}],"curies":[{"name":"wp","href":"https:\/\/api.w.org\/{rel}","templated":true}]}}