{"id":6671,"date":"2022-06-16T00:25:20","date_gmt":"2022-06-16T00:25:20","guid":{"rendered":"https:\/\/whatsappmexico.com\/?p=6671"},"modified":"2022-06-16T00:25:20","modified_gmt":"2022-06-16T00:25:20","slug":"no-cerraran-hospitales-de-salud-mental-solo-se-transformaran-funcionario-de-salud","status":"publish","type":"post","link":"https:\/\/podernacional.com\/?p=6671","title":{"rendered":"No cerrar\u00e1n hospitales de salud mental, s\u00f3lo se transformar\u00e1n: funcionario de Salud"},"content":{"rendered":"<h4>M\u00e1s del 80% de los padecimientos mentales se pueden resolver en un primer nivel de atenci\u00f3n.<\/h4>\n<p>En casos de episodios graves podr\u00e1n acudir a hospitales psiqui\u00e1tricos.<\/p>\n<p><a href=\"https:\/\/www.gob.mx\/salud\/sap\/estructuras\/titular-de-los-servicios-de-atencion-psiquiatrica\">Juan Manuel Quijada Gayt\u00e1n<\/a>, director general de los Servicios de Atenci\u00f3n Psiqui\u00e1trica de la Secretar\u00eda de Salud, aclar\u00f3:<\/p>\n<p>Que las recientes reformas a la Ley General de Salud proh\u00edben la internaci\u00f3n involuntaria.<\/p>\n<p>No obstante no implica que se dejar\u00e1 de atender a personas con padecimientos mentales.<\/p>\n<p>No se van a cerrar los hospitales de salud mental, se van a transformar.<\/p>\n<p>&nbsp;<\/p>\n<h4>Lo que estamos viviendo con la reforma a la Ley en realidad es un cambio de paradigma.<\/h4>\n<p>Lo que s\u00ed se cierra es el modelo asilar que viene del siglo pasado y precisamente promovi\u00f3 muchos maltratos, violaciones a los derechos humanos.<\/p>\n<p>E incluso, algunos tratamientos e internamientos involuntarios, declar\u00f3 el funcionario en entrevista con\u00a0en Vivo.<\/p>\n<p>Quijada asegur\u00f3 que la reforma da \u201cun cerrojazo\u201d al modelo asilar, pero no a los servicios de atenci\u00f3n.<\/p>\n<p>\u201cPor el contrario, los servicios de atenci\u00f3n se est\u00e1n reforzando y se est\u00e1n trabajando para integrarlos al Sistema Nacional de Salud\u201d, agreg\u00f3.<\/p>\n<p>Lo que buscamos es que estos servicios se acerquen a la comunidad a trav\u00e9s de centros comunitarios de salud mental.<\/p>\n<p>De los mismos centros de salud habituales y a trav\u00e9s de los hospitales generales, para dar una mayor oportunidad y un mayor acceso, explic\u00f3.<\/p>\n<p>En la pr\u00e1ctica, los pacientes podr\u00e1n tener un mecanismo \u201cescalonado\u201d de atenci\u00f3n,\u00a0el cual podr\u00e1 acudir a centros de salud para atenci\u00f3n de padecimientos menores.<\/p>\n<p>&nbsp;<\/p>\n<h4>Inclusive a hospitales generales para casos m\u00e1s graves, y a hospitales psiqui\u00e1tricos para episodios graves.<\/h4>\n<p>La desinstitucionalizaci\u00f3n consiste precisamente el ya no tener pacientes en los hospitales por tiempo indefinido.<\/p>\n<p>Sino m\u00e1s bien la recuperaci\u00f3n y la inclusi\u00f3n a su comunidad, a su familia, a la sociedad, mediante el apoyo precisamente de estos centros comunitarios.<\/p>\n<p>Quijada explic\u00f3 que m\u00e1s del 80% de los padecimientos mentales se pueden resolver en un primer nivel de atenci\u00f3n con un equipo integral.<\/p>\n<p>Ademas de la\u00a0inclusi\u00f3n\u00a0a trabajadores sociales, psic\u00f3logos y enfermeros.<\/p>\n<p>Durante la entrevista, el funcionario explic\u00f3 que los pacientes no podr\u00e1n ser internados en contra de su voluntad.<\/p>\n<p>Pero si cuentan con un periodo de estabilidad mental, podr\u00e1n solicitar la atenci\u00f3n a trav\u00e9s de la figura conocida como \u201cvoluntad anticipada\u201d.<\/p>\n<p>Finalmente, asegur\u00f3 a las familias que tienen un integrante con un padecimiento de salud mental que sus servicios est\u00e1n asegurados.<\/p>\n<p>\u201cHay continuidad de servicios, es de una manera progresiva lo que se plantea con esta transformaci\u00f3n\u201d.<\/p>\n","protected":false},"excerpt":{"rendered":"<p>M\u00e1s del 80% de los padecimientos mentales se pueden resolver en un primer nivel de atenci\u00f3n. En casos de episodios graves podr\u00e1n acudir a hospitales psiqui\u00e1tricos. Juan Manuel Quijada Gayt\u00e1n, director general de los Servicios de Atenci\u00f3n Psiqui\u00e1trica de la Secretar\u00eda de Salud, aclar\u00f3: Que las recientes reformas a la Ley General de Salud proh\u00edben [&hellip;]<\/p>\n","protected":false},"author":1,"featured_media":6672,"comment_status":"open","ping_status":"open","sticky":false,"template":"","format":"standard","meta":{"footnotes":""},"categories":[7,11],"tags":[],"class_list":["post-6671","post","type-post","status-publish","format-standard","has-post-thumbnail","hentry","category-nacional","category-salud"],"_links":{"self":[{"href":"https:\/\/podernacional.com\/index.php?rest_route=\/wp\/v2\/posts\/6671","targetHints":{"allow":["GET"]}}],"collection":[{"href":"https:\/\/podernacional.com\/index.php?rest_route=\/wp\/v2\/posts"}],"about":[{"href":"https:\/\/podernacional.com\/index.php?rest_route=\/wp\/v2\/types\/post"}],"author":[{"embeddable":true,"href":"https:\/\/podernacional.com\/index.php?rest_route=\/wp\/v2\/users\/1"}],"replies":[{"embeddable":true,"href":"https:\/\/podernacional.com\/index.php?rest_route=%2Fwp%2Fv2%2Fcomments&post=6671"}],"version-history":[{"count":0,"href":"https:\/\/podernacional.com\/index.php?rest_route=\/wp\/v2\/posts\/6671\/revisions"}],"wp:featuredmedia":[{"embeddable":true,"href":"https:\/\/podernacional.com\/index.php?rest_route=\/wp\/v2\/media\/6672"}],"wp:attachment":[{"href":"https:\/\/podernacional.com\/index.php?rest_route=%2Fwp%2Fv2%2Fmedia&parent=6671"}],"wp:term":[{"taxonomy":"category","embeddable":true,"href":"https:\/\/podernacional.com\/index.php?rest_route=%2Fwp%2Fv2%2Fcategories&post=6671"},{"taxonomy":"post_tag","embeddable":true,"href":"https:\/\/podernacional.com\/index.php?rest_route=%2Fwp%2Fv2%2Ftags&post=6671"}],"curies":[{"name":"wp","href":"https:\/\/api.w.org\/{rel}","templated":true}]}}