{"id":6865,"date":"2022-06-18T11:45:54","date_gmt":"2022-06-18T16:45:54","guid":{"rendered":"https:\/\/podernacional.com\/?p=6865"},"modified":"2022-06-18T16:46:02","modified_gmt":"2022-06-18T16:46:02","slug":"tiktok-espanol-dice-haber-encontrado-aldeas-antiguas-en-mexico","status":"publish","type":"post","link":"https:\/\/podernacional.com\/?p=6865","title":{"rendered":"TikTok: espa\u00f1ol dice haber encontrado \u00abaldeas antiguas\u00bb en M\u00e9xico"},"content":{"rendered":"<h4 class=\"h2\" style=\"text-align: center;\">\u201c\u00bfCrist\u00f3bal Col\u00f3n eres t\u00fa?\u201d, as\u00ed se han referido muchos internautas un chico espa\u00f1ol que comparti\u00f3 un video en Tiktok en donde afirma haber encontrado aldeas antiguas en M\u00e9xico<\/h4>\n<p>Aunque en esta \u00e9poca muchas personas afirman que estamos viviendo en una era interconectada ya que gracias al\u00a0<strong>internet\u00a0<\/strong>podemos conocer otros estilos de vida, lugares y tradiciones que existen en el mundo, las mismas redes sociales como\u00a0<strong>TikTok\u00a0\u00a0<\/strong>nos demuestran que nuestro planeta es muy grande y que todav\u00eda hay mucho que descubrir, solo que en algunos casos se trata de hitos hist\u00f3ricos y en otros de\u00a0<strong>influencers\u00a0<\/strong>despistados que solo hacen enojar a los dem\u00e1s.<\/p>\n<div id=\"taboola-mid-article-thumbnail\" class=\"trc_related_container trc_spotlight_widget trc_elastic trc_elastic_thumbnails-md1\" data-placement-name=\"Mid Article Thumbnail\">\n<div class=\"trc_rbox_container\">\n<div>\n<div id=\"trc_wrapper_92236\" class=\"trc_rbox thumbnails-md1 trc-content-sponsored \">\n<div id=\"trc_header_92236\" class=\"trc_rbox_header trc_rbox_border_elm\">\n<div class=\"trc_header_ext\">\n<p>Ese es el caso de un joven\u00a0<strong>espa\u00f1ol\u00a0<\/strong>que decidi\u00f3 salir de su pa\u00eds para explorar el mundo. Fue as\u00ed como lleg\u00f3 a\u00a0<strong>M\u00e9xico<\/strong>\u00a0en donde,\u00a0seg\u00fan \u00e9l, hizo un gran descubrimiento, una<strong>\u00a0aldea\u00a0<\/strong>rodeada por una nube que no dud\u00f3 en compartir con todos sus seguidores y conocidos del viejo continente. No obstante, m\u00e1s all\u00e1 de ser reconocido por su haza\u00f1a, los internautas se encargaron de explicar por qu\u00e9 existen tantas \u201caldeas\u201d en el pa\u00eds.<\/p>\n<h2>Espa\u00f1ol descubre \u201caldeas\u201d sobre una nube en M\u00e9xico y lo comparte en TikTok<\/h2>\n<p>Hace unos d\u00edas el usuario de\u00a0<strong>TikTok\u00a0<\/strong>@powpow2230\u00a0comparti\u00f3 en su perfil un video que titul\u00f3 \u201cEl\u00a0<strong>espa\u00f1ol\u00a0<\/strong>menos subnormal\u201d, donde asegura haber encontrado en\u00a0<strong>M\u00e9xico\u00a0\u00a0\u201caldeas super antiguas\u201d<\/strong>\u00a0que se encuentran dentro de una nube, lo que \u00abdemuestra\u00bb debido a que no se ven nada en el horizonte y hasta asegura que la presi\u00f3n es tal que los paquetes de comida est\u00e1n \u201chinchados\u201d.<\/p>\n<p>El chico menciona que en este tipo de<strong>\u00a0\u201caldeas\u201d\u00a0<\/strong>muchas personas no hablan espa\u00f1ol, sino un idioma antiguo de\u00a0<strong>M\u00e9xico.\u00a0<\/strong>Tambi\u00e9n enfoca a unos ni\u00f1os que est\u00e1n corriendo y luego asegura \u201cse asustan de nosotros, los ni\u00f1os se asustan de nosotros porque ni siquiera hablan nuestro idioma. Me ven con la c\u00e1mara y han de pensar que es un arma\u201d.<\/p>\n<p>El clip de 30 segundos no menciona en qu\u00e9 parte de<strong>\u00a0M\u00e9xico<\/strong>\u00a0se grab\u00f3 el\u00a0<strong>Tiktok.\u00a0<\/strong>No obstante lo que queda claro es que esa\u00a0<strong>aldea<\/strong>\u00a0que visita no es m\u00e1s que un lugar donde hay casas en obra negra, muy probablemente en una zona de monta\u00f1a.<\/p>\n<p>Al final lo que hicieron notar los\u00a0<strong>internautas\u00a0<\/strong>es que no\u00a0se trata de un lugar aislado de la civilizaci\u00f3n ya que en el video se pueden ver autos\u00a0y postes de luz. Y su afirmaci\u00f3n de estar en una nube solo responde a que grab\u00f3 en un d\u00eda nublado, en una zona de neblina.<\/p>\n<h2>El tiktok de las \u201caldeas super antiguas\u201d rompe el internet y crea controversia<\/h2>\n<p>Hasta el momento este<strong>\u00a0TikTok\u00a0<\/strong>tiene cerca de 358 mil 200 reacciones, se ha compartido 8 mil 535 veces y cuenta con miles de comentarios de internautas que bromean diciendo que este es el \u00ab<strong>Crist\u00f3bal Col\u00f3n\u00bb<\/strong>\u00a0de la actualidad y hacen hincapi\u00e9 en que esa es la t\u00edpica reacci\u00f3n de cualquier extranjero que llega\u00a0<strong>M\u00e9xico<\/strong>\u00a0y conoce ese tipo de lugares.<\/p>\n<\/div>\n<\/div>\n<\/div>\n<\/div>\n<\/div>\n<\/div>\n<div class=\"dfp-contenedor-imagen\"><\/div>\n<figure class=\"contenedor-ImagenArticulo\"><picture><source srcset=\"https:\/\/www.eluniversal.com.mx\/sites\/default\/files\/styles\/f27-273x210\/public\/2022\/06\/15\/aldeas_-el_universal.jpg?itok=lHrtDn4U\" media=\"(max-width:576px)\" \/><source srcset=\"https:\/\/www.eluniversal.com.mx\/sites\/default\/files\/styles\/f03-651x400\/public\/2022\/06\/15\/aldeas_-el_universal.jpg?itok=nGwerJhF\" media=\"(max-width:1039px)\" \/><source srcset=\"https:\/\/www.eluniversal.com.mx\/sites\/default\/files\/2022\/06\/15\/aldeas_-el_universal.jpg\" media=\"(min-width:1040px)\" \/><\/picture>\n<div id=\"standard_1\" class=\"st-placement standard_1 inImageRestricted\">\n<div class=\"st-adunit st-reset st-show\">\n<div class=\"st-adunit-ad st-reset\">\n<div class=\"st-display-render st-reset\">\n<div class=\"st-reset\">\n<div class=\"important-styled st-canvas-container open Skyscraper display-standard fssquz2\">\n<div class=\"important-styled st-canvas-el fhxwyqa\">\n<div class=\"important-styled st-canvas-container undefined fssquz2\">\n<div class=\"important-styled st-canvas-el f1mghvan\">\n<div class=\"important-styled st-canvas-container undefined fssquz2\">\n<div class=\"important-styled st-canvas-el fhxwyqa\">\n<div class=\"important-styled f15u4dl3\"><\/div>\n<\/div>\n<\/div>\n<\/div>\n<\/div>\n<\/div>\n<\/div>\n<\/div>\n<\/div>\n<\/div>\n<\/div>\n<\/div>\n<\/figure>\n","protected":false},"excerpt":{"rendered":"<p>\u201c\u00bfCrist\u00f3bal Col\u00f3n eres t\u00fa?\u201d, as\u00ed se han referido muchos internautas un chico espa\u00f1ol que comparti\u00f3 un video en Tiktok en donde afirma haber encontrado aldeas antiguas en M\u00e9xico Aunque en esta \u00e9poca muchas personas afirman que estamos viviendo en una era interconectada ya que gracias al\u00a0internet\u00a0podemos conocer otros estilos de vida, lugares y tradiciones que [&hellip;]<\/p>\n","protected":false},"author":1,"featured_media":6867,"comment_status":"open","ping_status":"closed","sticky":false,"template":"","format":"standard","meta":{"footnotes":""},"categories":[4,5],"tags":[],"class_list":["post-6865","post","type-post","status-publish","format-standard","has-post-thumbnail","hentry","category-espectaculos","category-internacional"],"_links":{"self":[{"href":"https:\/\/podernacional.com\/index.php?rest_route=\/wp\/v2\/posts\/6865","targetHints":{"allow":["GET"]}}],"collection":[{"href":"https:\/\/podernacional.com\/index.php?rest_route=\/wp\/v2\/posts"}],"about":[{"href":"https:\/\/podernacional.com\/index.php?rest_route=\/wp\/v2\/types\/post"}],"author":[{"embeddable":true,"href":"https:\/\/podernacional.com\/index.php?rest_route=\/wp\/v2\/users\/1"}],"replies":[{"embeddable":true,"href":"https:\/\/podernacional.com\/index.php?rest_route=%2Fwp%2Fv2%2Fcomments&post=6865"}],"version-history":[{"count":1,"href":"https:\/\/podernacional.com\/index.php?rest_route=\/wp\/v2\/posts\/6865\/revisions"}],"predecessor-version":[{"id":6866,"href":"https:\/\/podernacional.com\/index.php?rest_route=\/wp\/v2\/posts\/6865\/revisions\/6866"}],"wp:featuredmedia":[{"embeddable":true,"href":"https:\/\/podernacional.com\/index.php?rest_route=\/wp\/v2\/media\/6867"}],"wp:attachment":[{"href":"https:\/\/podernacional.com\/index.php?rest_route=%2Fwp%2Fv2%2Fmedia&parent=6865"}],"wp:term":[{"taxonomy":"category","embeddable":true,"href":"https:\/\/podernacional.com\/index.php?rest_route=%2Fwp%2Fv2%2Fcategories&post=6865"},{"taxonomy":"post_tag","embeddable":true,"href":"https:\/\/podernacional.com\/index.php?rest_route=%2Fwp%2Fv2%2Ftags&post=6865"}],"curies":[{"name":"wp","href":"https:\/\/api.w.org\/{rel}","templated":true}]}}