{"id":687,"date":"2020-07-24T23:16:48","date_gmt":"2020-07-24T23:16:48","guid":{"rendered":"http:\/\/whatsappcancun.com\/?p=687"},"modified":"2020-07-24T23:16:48","modified_gmt":"2020-07-24T23:16:48","slug":"video-eider-elio-primer-bebe-raramuri-atendido-por-covid-19","status":"publish","type":"post","link":"https:\/\/podernacional.com\/?p=687","title":{"rendered":"Video: Eider Elio, primer beb\u00e9 rar\u00e1muri atendido por Covid-19"},"content":{"rendered":"\n<p><strong>Eider Elio, de apenas dos meses de nacido, estuvo hospitalizado por 5 d\u00edas en el Hospital Rural, y logr\u00f3 recuperarse satisfactoriamente de Covid-19.<\/strong><\/p>\n\n\n\n<p>Wl peque\u00f1o recibi\u00f3 todos los cuidados en un hospital del Seguro Social de Guachochi, Chihuahua.<\/p>\n\n\n\n<p>Se trata dem peque\u00f1o Eider Elio Ram\u00edrez Aguilar, que fue llevado al hospital por su madre cuando enferm\u00f3. Una vez ah\u00ed, se le realizaron ex\u00e1menes y ella tambi\u00e9n dio positivo. Sin embargo nunca present\u00f3 sintomas.<\/p>\n\n\n\n<p>Eider Elio, es hijo de Diana, de 18 a\u00f1os;\u00a0<strong>originarios de Sarabeachi, comunidad de dif\u00edcil acceso, conformada por poblaci\u00f3n ind\u00edgena de menos de 100 habitantes<\/strong>, quienes conservan sus tradiciones y lengua materna rar\u00e1muri.<\/p>\n\n\n\n<figure class=\"wp-block-embed-youtube wp-block-embed is-type-video is-provider-youtube wp-embed-aspect-16-9 wp-has-aspect-ratio\"><div class=\"wp-block-embed__wrapper\">\n<iframe loading=\"lazy\" title=\"Atienden al primer bebe\u0301 Rara\u0301muri con COVID 19\" width=\"640\" height=\"360\" src=\"https:\/\/www.youtube.com\/embed\/n6GSQRgF4kE?feature=oembed\" frameborder=\"0\" allow=\"accelerometer; autoplay; clipboard-write; encrypted-media; gyroscope; picture-in-picture; web-share\" referrerpolicy=\"strict-origin-when-cross-origin\" allowfullscreen><\/iframe>\n<\/div><\/figure>\n\n\n\n<p>Para llegar al Hospital Rural donde fue atendido Eider Elio desde la comunidad, se hace un camino en veh\u00edculo de alrededor de hora y media, mientras que caminado es aproximadamente m\u00e1s de un d\u00eda, refiri\u00f3 la madre del peque\u00f1o.<\/p>\n\n\n\n<p>Hasta el momento, Eider y su madre ya se encuentran bien. Los especialistas revelaron que la alimentaci\u00f3n, a base de leche materna, fue fundamental para el \u00e9xito de la recuperaci\u00f3n del peque\u00f1o Eider.<\/p>\n","protected":false},"excerpt":{"rendered":"<p>Eider Elio, de apenas dos meses de nacido, estuvo hospitalizado por 5 d\u00edas en el Hospital Rural, y logr\u00f3 recuperarse satisfactoriamente de Covid-19. Wl peque\u00f1o recibi\u00f3 todos los cuidados en un hospital del Seguro Social de Guachochi, Chihuahua. Se trata dem peque\u00f1o Eider Elio Ram\u00edrez Aguilar, que fue llevado al hospital por su madre cuando [&hellip;]<\/p>\n","protected":false},"author":1,"featured_media":688,"comment_status":"open","ping_status":"open","sticky":false,"template":"","format":"standard","meta":{"footnotes":""},"categories":[12],"tags":[],"class_list":["post-687","post","type-post","status-publish","format-standard","has-post-thumbnail","hentry","category-sin-categoria"],"_links":{"self":[{"href":"https:\/\/podernacional.com\/index.php?rest_route=\/wp\/v2\/posts\/687","targetHints":{"allow":["GET"]}}],"collection":[{"href":"https:\/\/podernacional.com\/index.php?rest_route=\/wp\/v2\/posts"}],"about":[{"href":"https:\/\/podernacional.com\/index.php?rest_route=\/wp\/v2\/types\/post"}],"author":[{"embeddable":true,"href":"https:\/\/podernacional.com\/index.php?rest_route=\/wp\/v2\/users\/1"}],"replies":[{"embeddable":true,"href":"https:\/\/podernacional.com\/index.php?rest_route=%2Fwp%2Fv2%2Fcomments&post=687"}],"version-history":[{"count":0,"href":"https:\/\/podernacional.com\/index.php?rest_route=\/wp\/v2\/posts\/687\/revisions"}],"wp:featuredmedia":[{"embeddable":true,"href":"https:\/\/podernacional.com\/index.php?rest_route=\/wp\/v2\/media\/688"}],"wp:attachment":[{"href":"https:\/\/podernacional.com\/index.php?rest_route=%2Fwp%2Fv2%2Fmedia&parent=687"}],"wp:term":[{"taxonomy":"category","embeddable":true,"href":"https:\/\/podernacional.com\/index.php?rest_route=%2Fwp%2Fv2%2Fcategories&post=687"},{"taxonomy":"post_tag","embeddable":true,"href":"https:\/\/podernacional.com\/index.php?rest_route=%2Fwp%2Fv2%2Ftags&post=687"}],"curies":[{"name":"wp","href":"https:\/\/api.w.org\/{rel}","templated":true}]}}