{"id":6907,"date":"2022-06-22T17:52:56","date_gmt":"2022-06-22T22:52:56","guid":{"rendered":"https:\/\/podernacional.com\/?p=6907"},"modified":"2022-06-22T22:52:57","modified_gmt":"2022-06-22T22:52:57","slug":"los-bukis-tendran-cinco-espectaculos-sin-precedentes-en-mexico","status":"publish","type":"post","link":"https:\/\/podernacional.com\/?p=6907","title":{"rendered":"Los Bukis tendr\u00e1n cinco espect\u00e1culos \u201csin precedentes\u201d en M\u00e9xico"},"content":{"rendered":"<h4>El grupo de m\u00fasica regional mexicana iniciar\u00e1 en septiembre una gira por cinco ciudades de M\u00e9xico en las que esperan reunir a cerca de 200 mil personas<\/h4>\n<p>Los bukis: Los promotores Ra\u00fal Mac\u00edas, Pedro Ram\u00edrez y Francisco Camarena participaron en una rueda de prensa para anunciar los conciertos.<\/p>\n<p>De los dichos\u00a0grupos\u00a0musicales\u00a0<a href=\"https:\/\/twitter.com\/somoslosbukis\">Los Bukis<\/a>, en Guadalajara, Jalisco (M\u00e9xico).<\/p>\n<p>El grupo de m\u00fasica regional mexicana Los Bukis iniciar\u00e1 en septiembre una gira por cinco ciudades de M\u00e9xico.<\/p>\n<p>En las que esperan reunir cerca de 200 mil personas con un espect\u00e1culo \u201csin precedentes\u201d en el pa\u00eds, anunciaron este martes los promotores del espect\u00e1culo.<\/p>\n<p>\u201cSer\u00e1 un escenario nunca antes visto en M\u00e9xico, con una amplia producci\u00f3n a tama\u00f1o mundial\u201d, dijo el empresario Francisco Camarena.<\/p>\n<p>En conferencia de prensa en el Estadio Jalisco que albergar\u00e1 la presentaci\u00f3n de la banda en la occidental ciudad de Guadalajara.<\/p>\n<p>Ademas de que en el tienen programadas dos fechas.<\/p>\n<p>La gira mexicana \u201cUna historia cantada\u00bb iniciar\u00e1 el 3 de septiembre en Tijuana, llegar\u00e1 a Guadalajara el 15 y 16 de septiembre.<\/p>\n<p>A Monterrey el 20 de septiembre, Morelia el 5 de noviembre y culminar\u00e1 en Ciudad de M\u00e9xico el 3 de diciembre en el Estadio Azteca.<\/p>\n<p>&nbsp;<\/p>\n<h4>Los Bukis se reunieron tras 25 a\u00f1os, despu\u00e9s para realizar una primera parte de la gira en Estados Unidos en la que tuvieron nueve presentaciones.<\/h4>\n<p>Con lleno absoluto que reuni\u00f3 a medio mill\u00f3n de personas en diferentes ciudades.<\/p>\n<p>El \u00e9xito logrado llev\u00f3 a la banda a sumar cuatro nuevas fechas entre el 30 de julio y el 26 de agosto.<\/p>\n<p>Pedro Ram\u00edrez, uno de los promotores de la gira, afirm\u00f3 que tras su despedida en 1996, Los Bukis volver\u00e1n a ofrecer recitales en su pa\u00eds natal.<\/p>\n<p>Ademas de que\u00a0regresar\u00e1n \u201ccomo los reyes del regional mexicano\u201d con una selecci\u00f3n de canciones de sus 16 producciones discogr\u00e1ficas.<\/p>\n<p>Los promotores afirmaron que habr\u00e1 algunos artistas que subir\u00e1n como invitados especiales a los conciertos cuya identidad ser\u00e1 dada a conocer d\u00edas antes.<\/p>\n<p>Adem\u00e1s, la reuni\u00f3n del grupo en M\u00e9xico ser\u00e1 justo\u00a0para la grabaci\u00f3n de\u00a0un DVD en vivo para inmortalizar ese momento en su historia.<\/p>\n<p>Los Bukis, fundados en 1975 por el cantante Marco Antonio Sol\u00eds.<\/p>\n<p>Son un grupo reconocido como uno de los grupos de m\u00fasica regional m\u00e1s exitosos de su \u00e9poca.<\/p>\n<p>Ademas de que obtuvieron varios premios Billboard como Mejor grupo latino entre 1082 y 1995.<\/p>\n","protected":false},"excerpt":{"rendered":"<p>El grupo de m\u00fasica regional mexicana iniciar\u00e1 en septiembre una gira por cinco ciudades de M\u00e9xico en las que esperan reunir a cerca de 200 mil personas Los bukis: Los promotores Ra\u00fal Mac\u00edas, Pedro Ram\u00edrez y Francisco Camarena participaron en una rueda de prensa para anunciar los conciertos. De los dichos\u00a0grupos\u00a0musicales\u00a0Los Bukis, en Guadalajara, Jalisco [&hellip;]<\/p>\n","protected":false},"author":1,"featured_media":6909,"comment_status":"open","ping_status":"closed","sticky":false,"template":"","format":"standard","meta":{"footnotes":""},"categories":[2,4],"tags":[],"class_list":["post-6907","post","type-post","status-publish","format-standard","has-post-thumbnail","hentry","category-cultural","category-espectaculos"],"_links":{"self":[{"href":"https:\/\/podernacional.com\/index.php?rest_route=\/wp\/v2\/posts\/6907","targetHints":{"allow":["GET"]}}],"collection":[{"href":"https:\/\/podernacional.com\/index.php?rest_route=\/wp\/v2\/posts"}],"about":[{"href":"https:\/\/podernacional.com\/index.php?rest_route=\/wp\/v2\/types\/post"}],"author":[{"embeddable":true,"href":"https:\/\/podernacional.com\/index.php?rest_route=\/wp\/v2\/users\/1"}],"replies":[{"embeddable":true,"href":"https:\/\/podernacional.com\/index.php?rest_route=%2Fwp%2Fv2%2Fcomments&post=6907"}],"version-history":[{"count":1,"href":"https:\/\/podernacional.com\/index.php?rest_route=\/wp\/v2\/posts\/6907\/revisions"}],"predecessor-version":[{"id":6908,"href":"https:\/\/podernacional.com\/index.php?rest_route=\/wp\/v2\/posts\/6907\/revisions\/6908"}],"wp:featuredmedia":[{"embeddable":true,"href":"https:\/\/podernacional.com\/index.php?rest_route=\/wp\/v2\/media\/6909"}],"wp:attachment":[{"href":"https:\/\/podernacional.com\/index.php?rest_route=%2Fwp%2Fv2%2Fmedia&parent=6907"}],"wp:term":[{"taxonomy":"category","embeddable":true,"href":"https:\/\/podernacional.com\/index.php?rest_route=%2Fwp%2Fv2%2Fcategories&post=6907"},{"taxonomy":"post_tag","embeddable":true,"href":"https:\/\/podernacional.com\/index.php?rest_route=%2Fwp%2Fv2%2Ftags&post=6907"}],"curies":[{"name":"wp","href":"https:\/\/api.w.org\/{rel}","templated":true}]}}