{"id":6913,"date":"2022-06-22T18:40:22","date_gmt":"2022-06-22T23:40:22","guid":{"rendered":"https:\/\/podernacional.com\/?p=6913"},"modified":"2022-06-22T23:40:23","modified_gmt":"2022-06-22T23:40:23","slug":"apagon-afecta-a-1-3-millones-de-usuarios-de-campeche-quintana-roo-y-yucatan","status":"publish","type":"post","link":"https:\/\/podernacional.com\/?p=6913","title":{"rendered":"Apag\u00f3n afecta a 1.3 millones de usuarios de Campeche, Quintana Roo y Yucat\u00e1n"},"content":{"rendered":"<h4>La CFE se\u00f1ala que los afectados de la falta del suministro el\u00e9ctrico representan el 62% de los usuarios totales de esa regi\u00f3n.<\/h4>\n<p>Usuarios de redes sociales reportaron un apag\u00f3n en Canc\u00fan y otras zonas de Quintana Roo.<\/p>\n<p>Un apag\u00f3n se reporta en Canc\u00fan, Playa del Carmen y Tulum, incluso en algunas parte de M\u00e9rida, de acuerdo con usuarios de redes sociales.<\/p>\n<p>De hecho, tambi\u00e9n reportan fallas en el servicio de telefon\u00eda celular, internet y del sistema de sem\u00e1foros en M\u00e9rida.<\/p>\n<p>Ademas\u00a0as\u00ed como en zonas del interior del estado.<\/p>\n<p>Los usuarios del servicio el\u00e9ctrico se\u00f1alan que llevan ya m\u00e1s de 40 minutos sin electricidad.<\/p>\n<p>Apag\u00f3n afecta a 713 mil usuarios de 4 estados de M\u00e9xico: <a href=\"https:\/\/www.cfe.mx\/Pages\/default.aspx\">CFE<\/a><\/p>\n<p>Mediante diversos mensajes en Twitter.<\/p>\n<p>Los usuarios se quejan de la CFE porque dicen que ayer tambi\u00e9n hubo un apag\u00f3n aunque no de la duraci\u00f3n del de este d\u00eda.<\/p>\n<p>&nbsp;<\/p>\n<h4>Apag\u00f3n afecta a\u00a01.3 millones de usuarios<\/h4>\n<p>La Comisi\u00f3n Federal de Electricidad (CFE) informa que entre las 08:32 y 8:40 horas salieron de operaci\u00f3n seis l\u00edneas de alta tensi\u00f3n.<\/p>\n<p>Lo cual afect\u00f3 a 1.3 millones de usuarios en los estados de Campeche, Quintana Roo y Yucat\u00e1n.<\/p>\n<p>Representan el 62 por ciento de los usuarios totales de esa regi\u00f3n.<\/p>\n<p>Mega apag\u00f3n evidencia la necesidad de la IP para fortalecer electricidad: Coparmex<\/p>\n<p>Hasta el momento se han restablecido 479 mil 788 usuarios, lo que representa el 36 por ciento del total afectado.<\/p>\n<p>Por estado se informan los usuarios afectados y su restablecimiento:<\/p>\n<p>-En Campeche hubo 20 mil 938 usuarios afectados, cuyo servicio el\u00e9ctrico ya se restableci\u00f3 a la normalidad.<\/p>\n<p>-En Quintana Roo 619 mil 612 usuarios afectados, se ha restablecido al 43 por ciento.<\/p>\n<p>-En Yucat\u00e1n hubo 681 mil 950 usuarios afectados, se ha restablecido al 28 por ciento.<\/p>\n<p>&nbsp;<\/p>\n<p>La CFE indic\u00f3 que lamentablemente la causa del apag\u00f3n:<\/p>\n<p>La cual\u00a0fue el accidente de un trabajador de la CFE que se encontraba dando mantenimiento a una de las l\u00edneas de alta tensi\u00f3n.<\/p>\n<p>Ya fue trasladado para recibir atenci\u00f3n m\u00e9dica y se reporta estable.<\/p>\n","protected":false},"excerpt":{"rendered":"<p>La CFE se\u00f1ala que los afectados de la falta del suministro el\u00e9ctrico representan el 62% de los usuarios totales de esa regi\u00f3n. Usuarios de redes sociales reportaron un apag\u00f3n en Canc\u00fan y otras zonas de Quintana Roo. Un apag\u00f3n se reporta en Canc\u00fan, Playa del Carmen y Tulum, incluso en algunas parte de M\u00e9rida, de [&hellip;]<\/p>\n","protected":false},"author":1,"featured_media":6915,"comment_status":"open","ping_status":"closed","sticky":false,"template":"","format":"standard","meta":{"footnotes":""},"categories":[6,10],"tags":[],"class_list":["post-6913","post","type-post","status-publish","format-standard","has-post-thumbnail","hentry","category-local","category-quintana-roo"],"_links":{"self":[{"href":"https:\/\/podernacional.com\/index.php?rest_route=\/wp\/v2\/posts\/6913","targetHints":{"allow":["GET"]}}],"collection":[{"href":"https:\/\/podernacional.com\/index.php?rest_route=\/wp\/v2\/posts"}],"about":[{"href":"https:\/\/podernacional.com\/index.php?rest_route=\/wp\/v2\/types\/post"}],"author":[{"embeddable":true,"href":"https:\/\/podernacional.com\/index.php?rest_route=\/wp\/v2\/users\/1"}],"replies":[{"embeddable":true,"href":"https:\/\/podernacional.com\/index.php?rest_route=%2Fwp%2Fv2%2Fcomments&post=6913"}],"version-history":[{"count":1,"href":"https:\/\/podernacional.com\/index.php?rest_route=\/wp\/v2\/posts\/6913\/revisions"}],"predecessor-version":[{"id":6914,"href":"https:\/\/podernacional.com\/index.php?rest_route=\/wp\/v2\/posts\/6913\/revisions\/6914"}],"wp:featuredmedia":[{"embeddable":true,"href":"https:\/\/podernacional.com\/index.php?rest_route=\/wp\/v2\/media\/6915"}],"wp:attachment":[{"href":"https:\/\/podernacional.com\/index.php?rest_route=%2Fwp%2Fv2%2Fmedia&parent=6913"}],"wp:term":[{"taxonomy":"category","embeddable":true,"href":"https:\/\/podernacional.com\/index.php?rest_route=%2Fwp%2Fv2%2Fcategories&post=6913"},{"taxonomy":"post_tag","embeddable":true,"href":"https:\/\/podernacional.com\/index.php?rest_route=%2Fwp%2Fv2%2Ftags&post=6913"}],"curies":[{"name":"wp","href":"https:\/\/api.w.org\/{rel}","templated":true}]}}