{"id":6934,"date":"2022-06-22T18:02:23","date_gmt":"2022-06-22T23:02:23","guid":{"rendered":"https:\/\/podernacional.com\/?p=6934"},"modified":"2022-06-23T23:33:30","modified_gmt":"2022-06-23T23:33:30","slug":"rescatistas-del-mundial-de-natacion-no-auxiliaron-a-anita-alvarez-cuando-quedo-inconsciente","status":"publish","type":"post","link":"https:\/\/podernacional.com\/?p=6934","title":{"rendered":"Rescatistas del Mundial de Nataci\u00f3n no auxiliaron a Anita \u00c1lvarez cuando qued\u00f3 inconsciente"},"content":{"rendered":"<h4>La nadadora art\u00edstica de ra\u00edces mexicanas tuvo que ser auxiliada por su entrenadora Andrea Fuentes.<\/h4>\n<p>Rescatistas del Mundial luego de percatarse de la inacci\u00f3n del equipo de salvavidas en torno a la alberca.<\/p>\n<p>Anita \u00c1lvarez fue rescatada por su entrenadora Andrea Fuentes luego de sufrir un desmayo en la final de nado solo del Campeonato Mundial de Nataci\u00f3n<\/p>\n<p>El 23 de junio, el Campeonato Mundial de Nataci\u00f3n, realizado en Budapest, vivi\u00f3 uno de los momentos m\u00e1s tensos en la historia del deporte.<\/p>\n<p>Luego de haber ejecutado su rutina en la final de la categor\u00eda libre en solitario.<\/p>\n<p>La nadadora art\u00edstica Anita \u00c1lvarez perdi\u00f3 el conocimiento y se sumergi\u00f3 en el fondo de la alberca.<\/p>\n<p>A pesar de la escena, rescatistas no ingresaron de inmediato para auxiliarla y fue su entrenadora Andrea Fuentes la encargada de llevarla hasta la superficie.<\/p>\n<p>Al t\u00e9rmino de su ejecuci\u00f3n, la atleta de 25 a\u00f1os se hundi\u00f3 hasta lo profundo de la alberca sin mostrar ning\u00fan gesto de resistencia.<\/p>\n<p>En ese momento, la entrenadora Fuentes realiz\u00f3 m\u00faltiples alertas a los socorristas ubicados en los alrededores de la piscina.<\/p>\n<p>Pero al notar su nula respuesta corri\u00f3 hasta la fosa para lanzarse al agua y realizar la maniobra de emergencia.<\/p>\n<p>&nbsp;<\/p>\n<h4>La entrenadora se sumergi\u00f3 2.7 metros para poder llevar a su pupila a la superficie<\/h4>\n<p>De acuerdo con un comunicado emitido por la Federaci\u00f3n Internacional de Nataci\u00f3n (FINA) los socorristas no actuaron de inmediato.<\/p>\n<p>Debido al\u00a0impedimento reglamentario que solamente pudo haber sido revocado con la autorizaci\u00f3n expresa del cuerpo de jueces a cargo de la sanci\u00f3n del evento.<\/p>\n<p>\u201cSolo los jueces, unicamente\u00a0ellos, podr\u00e1n dar la orden de saltar a la piscina para socorrer a una competidora que en ese momento haya enfermado\u201d.<\/p>\n<p>\u201cEste protocolo es as\u00ed para evitar cualquier malentendido por parte de los socorristas\u201d, se\u00f1al\u00f3 el documento emitido por la federaci\u00f3n.<\/p>\n<p>Los rescatistas llegaron al encuentro \u00c1lvarez y Fuentes cuando ya se encontraban en la superficie de la fosa<\/p>\n<p>La nula reacci\u00f3n de los rescatistas del Mundial de Nataci\u00f3n provoc\u00f3 que la entrenadora espa\u00f1ola ingresara al agua para sumergirse 2.7 metros y poder sacar a su pupila.<\/p>\n<p>Al notar la reacci\u00f3n de Fuentes, los socorristas actuaron e ingresaron a la fosa.<\/p>\n<p>A\u00fan sin haber recibido una se\u00f1al judicial, para colaborar en el rescate de Anita \u00c1lvarez.<\/p>\n<p>El factor diferencial entre la tragedia y el rescate fue la oportuna actitud de Andrea Fuentes.<\/p>\n<p>Al respecto, seg\u00fan indic\u00f3 la FINA en su documento.<\/p>\n<p>El reglamento vigente donde se proh\u00edbe la acci\u00f3n de los rescatistas sin la autorizaci\u00f3n expresa de los jueces ser\u00e1 revisado.<\/p>\n<p>Con la finalidad de evitar situaciones similares, o que puedan tener un desenlace fatal, a futuro.<\/p>\n<p>&nbsp;<\/p>\n<h4>C\u00f3mo fue el rescate de Anita \u00c1lvarez<\/h4>\n<p>Despu\u00e9s de sumergirse, la exnadadora ol\u00edmpica se aproxim\u00f3 hasta \u00c1lvarez y la llev\u00f3 hacia la superficie.<\/p>\n<p>Seg\u00fan cont\u00f3 al medio RAC1, realiz\u00f3 uno de los movimientos m\u00e1s r\u00e1pidos en su vida para llegar hacia donde se encontraba Anita sin mostrar respiraci\u00f3n.<\/p>\n<p>Una vez en la superficie, uno de los socorristas le ayud\u00f3 para llevarla hasta la orilla y fuera evaluada por los param\u00e9dicos.<\/p>\n<p>La nadadora de ra\u00edces mexicanas fue reanimada luego de ser sacada del agua.<\/p>\n<p>Seg\u00fan cont\u00f3 la entrenadora, \u00c1lvarez pudo haber dejado de respirar hasta 2 minutos debido a que el agua de la piscina ingres\u00f3 a sus pulmones.<\/p>\n<p>\u201cEstoy que no me lo creo. Ha sido apote\u00f3sico, Anita no respiraba\u201d.<\/p>\n<p>\u201cHe intentado despertarla a bofetadas y abri\u00e9ndole la mand\u00edbula\u201d, record\u00f3.<\/p>\n<p>No obstante, una vez que la pudieron llevar a otro lugar del recinto deportivo, la atleta expuls\u00f3 el agua que hab\u00eda ingerido y pudo estabilizarse.<\/p>\n<p>Por ende, personal m\u00e9dico encamin\u00f3 una serie de estudios para verificar su estado de salud, gracias a los cuales pudieron descartar cualquier tipo de anomal\u00eda.<\/p>\n<p>\u00c1lvarez podr\u00e1 participar con el equipo de Estados Unidos en la final de nado art\u00edstico<\/p>\n<p>&nbsp;<\/p>\n<h4>Los deportistas ponemos el cuerpo al l\u00edmite, ha descubierto hoy donde est\u00e1 su l\u00edmite.<\/h4>\n<p>A ella le pas\u00f3 hace un a\u00f1o:<\/p>\n<p>Simplemente se qued\u00f3 un poco en la superficie, un poco inconsciente, pero no se hundi\u00f3.<\/p>\n<p>Yo estaba a un metro, entonces la saqu\u00e9.<\/p>\n<p>En nuestro deporte es algo que puede pasar porque estamos sin respirar durante mucho rato, con las pulsaciones muy altas.<\/p>\n<p>\u201cA\u00a0veces el ox\u00edgeno no llega donde tiene que llegar y nos desmayamos,\u201d afirm\u00f3.<\/p>\n<p>Al t\u00e9rmino de la competencia fue asignada en el s\u00e9ptimo puesto de la final, pero no es la \u00fanica oportunidad de subirse al podio.<\/p>\n<p>El viernes 24 de junio, el equipo estadounidense participar\u00e1 en la final de nado art\u00edstico.<\/p>\n<p>Luego de haber recibido el visto bueno de los m\u00e9dicos, fue incluida en la lista de participantes.<\/p>\n<p>Por ende, Rescatistas del Mundial de Nataci\u00f3n no auxiliaron a Anita \u00c1lvarez<\/p>\n","protected":false},"excerpt":{"rendered":"<p>La nadadora art\u00edstica de ra\u00edces mexicanas tuvo que ser auxiliada por su entrenadora Andrea Fuentes. Rescatistas del Mundial luego de percatarse de la inacci\u00f3n del equipo de salvavidas en torno a la alberca. Anita \u00c1lvarez fue rescatada por su entrenadora Andrea Fuentes luego de sufrir un desmayo en la final de nado solo del Campeonato [&hellip;]<\/p>\n","protected":false},"author":1,"featured_media":6936,"comment_status":"open","ping_status":"closed","sticky":false,"template":"","format":"standard","meta":{"footnotes":""},"categories":[3,4],"tags":[],"class_list":["post-6934","post","type-post","status-publish","format-standard","has-post-thumbnail","hentry","category-deportes","category-espectaculos"],"_links":{"self":[{"href":"https:\/\/podernacional.com\/index.php?rest_route=\/wp\/v2\/posts\/6934","targetHints":{"allow":["GET"]}}],"collection":[{"href":"https:\/\/podernacional.com\/index.php?rest_route=\/wp\/v2\/posts"}],"about":[{"href":"https:\/\/podernacional.com\/index.php?rest_route=\/wp\/v2\/types\/post"}],"author":[{"embeddable":true,"href":"https:\/\/podernacional.com\/index.php?rest_route=\/wp\/v2\/users\/1"}],"replies":[{"embeddable":true,"href":"https:\/\/podernacional.com\/index.php?rest_route=%2Fwp%2Fv2%2Fcomments&post=6934"}],"version-history":[{"count":1,"href":"https:\/\/podernacional.com\/index.php?rest_route=\/wp\/v2\/posts\/6934\/revisions"}],"predecessor-version":[{"id":6935,"href":"https:\/\/podernacional.com\/index.php?rest_route=\/wp\/v2\/posts\/6934\/revisions\/6935"}],"wp:featuredmedia":[{"embeddable":true,"href":"https:\/\/podernacional.com\/index.php?rest_route=\/wp\/v2\/media\/6936"}],"wp:attachment":[{"href":"https:\/\/podernacional.com\/index.php?rest_route=%2Fwp%2Fv2%2Fmedia&parent=6934"}],"wp:term":[{"taxonomy":"category","embeddable":true,"href":"https:\/\/podernacional.com\/index.php?rest_route=%2Fwp%2Fv2%2Fcategories&post=6934"},{"taxonomy":"post_tag","embeddable":true,"href":"https:\/\/podernacional.com\/index.php?rest_route=%2Fwp%2Fv2%2Ftags&post=6934"}],"curies":[{"name":"wp","href":"https:\/\/api.w.org\/{rel}","templated":true}]}}