{"id":6952,"date":"2022-06-22T20:02:35","date_gmt":"2022-06-23T01:02:35","guid":{"rendered":"https:\/\/podernacional.com\/?p=6952"},"modified":"2022-06-24T01:17:07","modified_gmt":"2022-06-24T01:17:07","slug":"alcaldesa-anuncia-depuracion-de-elementos-corruptos-en-la-policia-municipal-de-naucalpan","status":"publish","type":"post","link":"https:\/\/podernacional.com\/?p=6952","title":{"rendered":"Alcaldesa anuncia depuraci\u00f3n de elementos corruptos en la polic\u00eda municipal de Naucalpan"},"content":{"rendered":"<h4>La edil Ang\u00e9lica Moya Marin dijo que limpieza de la polic\u00eda de Naucalpan iniciar\u00e1 \u201cen espec\u00edfico con algunos de los elementos denunciados\u201d.<\/h4>\n<p>Por actos violencia y corrupci\u00f3n, alcaldesa anuncia depuraci\u00f3n en la polic\u00eda municipal de Naucalpan<\/p>\n<p>Naucalpan crear\u00e1 un sistema de justicia c\u00edvica homologado para restaurar el tejido social.<\/p>\n<p>Ante la violencia y actos de corrupci\u00f3n de polic\u00edas municipales, la alcaldesa Angelica Moya Mar\u00edn anunci\u00f3 una limpia.<\/p>\n<p>Ademas de una\u00a0depuraci\u00f3n en la polic\u00eda municipal, especialmente en la Subdireccion de Tr\u00e1nsito.<\/p>\n<p>Esto luego de una serie de denuncias ciudadanas .<\/p>\n<p>Especialmente de j\u00f3venes que han sido golpeados y secuestrados para vaciar sus tarjetas bancarias por polic\u00edas municipales.<\/p>\n<p>Hasta el momento hay 17 \u201ceventos\u201d de polic\u00edas municipales denunciados ante la Fiscal\u00eda General de Justicia del Estado de M\u00e9xico.<\/p>\n<p>En la Comisi\u00f3n de Honor y Justicia, apunt\u00f3 el comisario Pablo Rosas Olmos.<\/p>\n<p>La limpieza de la polic\u00eda de Naucalpan iniciar\u00e1 \u201cen espec\u00edfico con algunos de los elementos denunciados\u201d, pero \u201chabr\u00e1 cambios en toda la Subdireccion de tr\u00e1nsito\u201d.<\/p>\n<p>&nbsp;<\/p>\n<h4>Alcaldesa anuncia cinco medidas contra la corrupci\u00f3n<\/h4>\n<p>Para frenar la corrupci\u00f3n la presidenta municipal de Naucalpan anunci\u00f3 cinco medidas, como la creaci\u00f3n de una \u201cUnidad anticorrupci\u00f3n policial\u201d.<\/p>\n<p>Ademas de\u00a0un mecanismo de control democr\u00e1tico, de investigaci\u00f3n exhaustiva y trasparente.<\/p>\n<p>Cuyo titular tendr\u00e1 el mismo nivel jer\u00e1rquico que el comisario, indic\u00f3 Moya Mar\u00edn.<\/p>\n<p>Crear\u00e1n un Observatorio Ciudadano de Seguridad con contralores vecinales.<\/p>\n<p>Los cuales\u00a0ser\u00e1n capacitados y realizar\u00e1n una vigilancia permanente, para identificar y reportar casos a la unidad anticorrupci\u00f3n.<\/p>\n<p>Adem\u00e1s Naucalpan crear\u00e1 un sistema de justicia c\u00edvica homologado para restaurar el tejido social.<\/p>\n<p>Adem\u00e1s Angelica Moya anunci\u00f3 el equipamiento de la polic\u00eda.<\/p>\n<p>Pues los elementos trabajan con chalecos caducos y patrullas vieja.<\/p>\n<p>Para Ciudad las 248 zonas del municipio, que en breve contar\u00e1n con 160 patrullas nuevas de 600 que planean adquirir.<\/p>\n<p>As\u00ed como la reactivaci\u00f3n de la academia de policia que durante el \u00faltimo trienio no gener\u00f3 nuevos elementos para renovar a la corporaci\u00f3n.<\/p>\n","protected":false},"excerpt":{"rendered":"<p>La edil Ang\u00e9lica Moya Marin dijo que limpieza de la polic\u00eda de Naucalpan iniciar\u00e1 \u201cen espec\u00edfico con algunos de los elementos denunciados\u201d. Por actos violencia y corrupci\u00f3n, alcaldesa anuncia depuraci\u00f3n en la polic\u00eda municipal de Naucalpan Naucalpan crear\u00e1 un sistema de justicia c\u00edvica homologado para restaurar el tejido social. Ante la violencia y actos de [&hellip;]<\/p>\n","protected":false},"author":1,"featured_media":6954,"comment_status":"open","ping_status":"closed","sticky":false,"template":"","format":"standard","meta":{"footnotes":""},"categories":[7,8],"tags":[],"class_list":["post-6952","post","type-post","status-publish","format-standard","has-post-thumbnail","hentry","category-nacional","category-policia"],"_links":{"self":[{"href":"https:\/\/podernacional.com\/index.php?rest_route=\/wp\/v2\/posts\/6952","targetHints":{"allow":["GET"]}}],"collection":[{"href":"https:\/\/podernacional.com\/index.php?rest_route=\/wp\/v2\/posts"}],"about":[{"href":"https:\/\/podernacional.com\/index.php?rest_route=\/wp\/v2\/types\/post"}],"author":[{"embeddable":true,"href":"https:\/\/podernacional.com\/index.php?rest_route=\/wp\/v2\/users\/1"}],"replies":[{"embeddable":true,"href":"https:\/\/podernacional.com\/index.php?rest_route=%2Fwp%2Fv2%2Fcomments&post=6952"}],"version-history":[{"count":1,"href":"https:\/\/podernacional.com\/index.php?rest_route=\/wp\/v2\/posts\/6952\/revisions"}],"predecessor-version":[{"id":6953,"href":"https:\/\/podernacional.com\/index.php?rest_route=\/wp\/v2\/posts\/6952\/revisions\/6953"}],"wp:featuredmedia":[{"embeddable":true,"href":"https:\/\/podernacional.com\/index.php?rest_route=\/wp\/v2\/media\/6954"}],"wp:attachment":[{"href":"https:\/\/podernacional.com\/index.php?rest_route=%2Fwp%2Fv2%2Fmedia&parent=6952"}],"wp:term":[{"taxonomy":"category","embeddable":true,"href":"https:\/\/podernacional.com\/index.php?rest_route=%2Fwp%2Fv2%2Fcategories&post=6952"},{"taxonomy":"post_tag","embeddable":true,"href":"https:\/\/podernacional.com\/index.php?rest_route=%2Fwp%2Fv2%2Ftags&post=6952"}],"curies":[{"name":"wp","href":"https:\/\/api.w.org\/{rel}","templated":true}]}}