{"id":6955,"date":"2022-06-22T20:17:11","date_gmt":"2022-06-23T01:17:11","guid":{"rendered":"https:\/\/podernacional.com\/?p=6955"},"modified":"2022-06-24T01:26:52","modified_gmt":"2022-06-24T01:26:52","slug":"borrador-automatico-4","status":"publish","type":"post","link":"https:\/\/podernacional.com\/?p=6955","title":{"rendered":"Borrador autom\u00e1tico"},"content":{"rendered":"<h4>La sala superior del Tribunal Electoral del Poder Judicial de la Federaci\u00f3n (TEPJF) confirm\u00f3 que el diputado federal panista Gabriel Quadri.<\/h4>\n<p><a href=\"http:\/\/sil.gobernacion.gob.mx\/Librerias\/pp_PerfilLegislador.php?Referencia=9227580\">Gabriel Quadri<\/a>: Si incurri\u00f3 en violencia pol\u00edtica en raz\u00f3n de g\u00e9nero, al publicar en Twitter mensajes ofensivos contra las mujeres trans y la diputada trans Salma Lu\u00e9vano.<\/p>\n<p>Y si bien los magistrados ratificaron el criterio de la sala especializada del TEPJF.<\/p>\n<p>Ordenar dar vista a la Contralor\u00eda Interna de la C\u00e1mara de Diputados.<\/p>\n<p>E inscribir a Quadri en el cat\u00e1logo de sancionados y en la lista de personas sancionadas por violencia pol\u00edtica en raz\u00f3n de g\u00e9nero.<\/p>\n<p>No fue sentenciado a la \u201cp\u00e9rdida del modo honesto de vivir\u201d.<\/p>\n<p>El argumento de este \u00faltimo punto fue que el diputado no ha sido reincidente.<\/p>\n<p>Los proyectos fueron aprobados por mayor\u00eda de cinco contra dos.<\/p>\n<p>Los magistrados Felipe Fuentes y Felipe de la Mata rechazaron los proyectos al se\u00f1alar, con matices, que las expresiones de Quadri est\u00e1n tuteladas.<\/p>\n<p>&nbsp;<\/p>\n<h4>Todo desde\u00a0la inmunidad parlamentaria y la libertad de expresi\u00f3n.<\/h4>\n<p>Cada vez es m\u00e1s frecuente en el INE y en el TEPJF el an\u00e1lisis de casos en que se presume violencia pol\u00edtica de g\u00e9nero.<\/p>\n<p>En los asuntos de ayer, la magistrada Janine Ot\u00e1lora dijo que este tribunal tiene el deber de exponer ese tipo de discurso violento.<\/p>\n<p>Adem\u00e1s de un episodio protagonizado en contra de la diputada Lu\u00e9vano, a quien en San L\u00e1zaro el panista llam\u00f3 \u201cse\u00f1or\u201d.<\/p>\n<p>Quadri expres\u00f3 en febrero pasado, en su cuenta de Twitter:<\/p>\n<p>\u201cEl poderoso lobby trans pretende reducir a las mujeres a s\u00f3lo una especie, de entre decenas de caprichosas y extravagantes expresiones de sexualidad\u201d<\/p>\n<p>\u201cEl trans-fascismo saca las garras en la C\u00e1mara de Diputados\u201d.<\/p>\n<p>La sala superior orden\u00f3 a la especializada determinar el plazo en que Quadri deber\u00e1 permanecer en el registro nacional de personas sancionadas.<\/p>\n<p>Dicho registro de\u00a0violencia pol\u00edtica en raz\u00f3n de g\u00e9nero.<\/p>\n<p>Por ende, Gabriel Quadri s\u00ed incurri\u00f3 en violencia pol\u00edtica de g\u00e9nero, confirma Tribunal<\/p>\n","protected":false},"excerpt":{"rendered":"<p>La sala superior del Tribunal Electoral del Poder Judicial de la Federaci\u00f3n (TEPJF) confirm\u00f3 que el diputado federal panista Gabriel Quadri. Gabriel Quadri: Si incurri\u00f3 en violencia pol\u00edtica en raz\u00f3n de g\u00e9nero, al publicar en Twitter mensajes ofensivos contra las mujeres trans y la diputada trans Salma Lu\u00e9vano. Y si bien los magistrados ratificaron el [&hellip;]<\/p>\n","protected":false},"author":1,"featured_media":6957,"comment_status":"open","ping_status":"closed","sticky":false,"template":"","format":"standard","meta":{"footnotes":""},"categories":[7,9],"tags":[],"class_list":["post-6955","post","type-post","status-publish","format-standard","has-post-thumbnail","hentry","category-nacional","category-politica"],"_links":{"self":[{"href":"https:\/\/podernacional.com\/index.php?rest_route=\/wp\/v2\/posts\/6955","targetHints":{"allow":["GET"]}}],"collection":[{"href":"https:\/\/podernacional.com\/index.php?rest_route=\/wp\/v2\/posts"}],"about":[{"href":"https:\/\/podernacional.com\/index.php?rest_route=\/wp\/v2\/types\/post"}],"author":[{"embeddable":true,"href":"https:\/\/podernacional.com\/index.php?rest_route=\/wp\/v2\/users\/1"}],"replies":[{"embeddable":true,"href":"https:\/\/podernacional.com\/index.php?rest_route=%2Fwp%2Fv2%2Fcomments&post=6955"}],"version-history":[{"count":1,"href":"https:\/\/podernacional.com\/index.php?rest_route=\/wp\/v2\/posts\/6955\/revisions"}],"predecessor-version":[{"id":6956,"href":"https:\/\/podernacional.com\/index.php?rest_route=\/wp\/v2\/posts\/6955\/revisions\/6956"}],"wp:featuredmedia":[{"embeddable":true,"href":"https:\/\/podernacional.com\/index.php?rest_route=\/wp\/v2\/media\/6957"}],"wp:attachment":[{"href":"https:\/\/podernacional.com\/index.php?rest_route=%2Fwp%2Fv2%2Fmedia&parent=6955"}],"wp:term":[{"taxonomy":"category","embeddable":true,"href":"https:\/\/podernacional.com\/index.php?rest_route=%2Fwp%2Fv2%2Fcategories&post=6955"},{"taxonomy":"post_tag","embeddable":true,"href":"https:\/\/podernacional.com\/index.php?rest_route=%2Fwp%2Fv2%2Ftags&post=6955"}],"curies":[{"name":"wp","href":"https:\/\/api.w.org\/{rel}","templated":true}]}}