{"id":6958,"date":"2022-06-22T20:27:40","date_gmt":"2022-06-23T01:27:40","guid":{"rendered":"https:\/\/podernacional.com\/?p=6958"},"modified":"2022-06-24T01:44:24","modified_gmt":"2022-06-24T01:44:24","slug":"programa-de-capacitacion-en-tecnologia-para-jovenes-entre-18-y-35-anos-lanzado","status":"publish","type":"post","link":"https:\/\/podernacional.com\/?p=6958","title":{"rendered":"Programa de capacitaci\u00f3n en tecnolog\u00eda para j\u00f3venes entre 18 y 35 a\u00f1os lanzado."},"content":{"rendered":"<h4>Lanzan programa de capacitaci\u00f3n en tecnolog\u00eda para j\u00f3venes entre 18 y 35 a\u00f1os<\/h4>\n<p>Programa de capacitaci\u00f3n: El Gobierno nacional cre\u00f3 hoy el Programa \u201cTrabajo + Tecnolog\u00eda (T.Tec)\u201d.<\/p>\n<p>Apuntan a la a industria 4.0.<\/p>\n<p>La norma apunta a \u00abincentivar la participaci\u00f3n de mujeres y diversidades sexuales en el sector TIC\u00bb.<\/p>\n<p>El Gobierno nacional cre\u00f3 hoy el Programa \u201cTrabajo + Tecnolog\u00eda (T.Tec)\u201d.<\/p>\n<p>Para capacitar y formar en aplicaciones de tecnolog\u00edas 4.0 a personas de entre 18-35 a\u00f1os, seg\u00fan una Resoluci\u00f3n publicada hoy en el Bolet\u00edn Oficial.<\/p>\n<p>Se trata de la Resoluci\u00f3n 723\/2022 que lleva la firma del ministro de Trabajo, Claudio Moroni, y tendr\u00e1 como objetivo.<\/p>\n<p>\u00abPotenciar la inclusi\u00f3n laboral de participantes por medio de capacitaciones en saberes b\u00e1sicos requeridos por la industria 4.0\u00bb.<\/p>\n<p>Adem\u00e1s, la norma apunta a \u00abincentivar la participaci\u00f3n de mujeres y diversidades sexuales en el sector TIC (Tecnolog\u00edas de la Informaci\u00f3n y las Comunicaciones)\u00bb.<\/p>\n<p>&nbsp;<\/p>\n<h4>Tambi\u00e9n deber\u00e1 \u00abcontribuir al desarrollo del talento de j\u00f3venes para fomentar su empleabilidad en el mundo de la tecnolog\u00eda\u00bb.<\/h4>\n<p>El programa busca asimismo \u00abpromover y coordinar con las empresas\/polos del sector TIC acciones que incidan en la oferta laboral\u201d,<\/p>\n<p>\u201cAdemas de\u00a0en la construcci\u00f3n de perfiles adecuados de empleo para los participantes\u00bb.<\/p>\n<p>En tanto, \u00ablas actividades de formaci\u00f3n se ejecutar\u00e1n a trav\u00e9s de Universidades Nacionales o con intermediaci\u00f3n de las mismas en funci\u00f3n de los objetivos del programa.<\/p>\n<p>Quienes certificar\u00e1n junto con las C\u00e1maras empresarias involucradas y la Unidad de Gabinete de Asesores las competencias laborales adquiridas.<\/p>\n<p>\u201cPor las dichas\u00a0personas trabajadoras participantes\u00bb, seg\u00fan se detalla en los fundamentos de la norma.<\/p>\n<p>Conclusi\u00f3n:<\/p>\n<p>Se lanz\u00f3 un programa de capacitaci\u00f3n en tecnolog\u00eda para personas de entre diez y ocho y treinta y cinco a\u00f1os de edad.<\/p>\n<p>Dicho programa nombrado \u201cTrabajo mas Tecnolog\u00eda (T.Tec).<\/p>\n<p>&nbsp;<\/p>\n<p>&nbsp;<\/p>\n","protected":false},"excerpt":{"rendered":"<p>Lanzan programa de capacitaci\u00f3n en tecnolog\u00eda para j\u00f3venes entre 18 y 35 a\u00f1os Programa de capacitaci\u00f3n: El Gobierno nacional cre\u00f3 hoy el Programa \u201cTrabajo + Tecnolog\u00eda (T.Tec)\u201d. Apuntan a la a industria 4.0. La norma apunta a \u00abincentivar la participaci\u00f3n de mujeres y diversidades sexuales en el sector TIC\u00bb. El Gobierno nacional cre\u00f3 hoy el [&hellip;]<\/p>\n","protected":false},"author":1,"featured_media":6960,"comment_status":"open","ping_status":"closed","sticky":false,"template":"","format":"standard","meta":{"footnotes":""},"categories":[5,13],"tags":[],"class_list":["post-6958","post","type-post","status-publish","format-standard","has-post-thumbnail","hentry","category-internacional","category-tecnologia"],"_links":{"self":[{"href":"https:\/\/podernacional.com\/index.php?rest_route=\/wp\/v2\/posts\/6958","targetHints":{"allow":["GET"]}}],"collection":[{"href":"https:\/\/podernacional.com\/index.php?rest_route=\/wp\/v2\/posts"}],"about":[{"href":"https:\/\/podernacional.com\/index.php?rest_route=\/wp\/v2\/types\/post"}],"author":[{"embeddable":true,"href":"https:\/\/podernacional.com\/index.php?rest_route=\/wp\/v2\/users\/1"}],"replies":[{"embeddable":true,"href":"https:\/\/podernacional.com\/index.php?rest_route=%2Fwp%2Fv2%2Fcomments&post=6958"}],"version-history":[{"count":1,"href":"https:\/\/podernacional.com\/index.php?rest_route=\/wp\/v2\/posts\/6958\/revisions"}],"predecessor-version":[{"id":6959,"href":"https:\/\/podernacional.com\/index.php?rest_route=\/wp\/v2\/posts\/6958\/revisions\/6959"}],"wp:featuredmedia":[{"embeddable":true,"href":"https:\/\/podernacional.com\/index.php?rest_route=\/wp\/v2\/media\/6960"}],"wp:attachment":[{"href":"https:\/\/podernacional.com\/index.php?rest_route=%2Fwp%2Fv2%2Fmedia&parent=6958"}],"wp:term":[{"taxonomy":"category","embeddable":true,"href":"https:\/\/podernacional.com\/index.php?rest_route=%2Fwp%2Fv2%2Fcategories&post=6958"},{"taxonomy":"post_tag","embeddable":true,"href":"https:\/\/podernacional.com\/index.php?rest_route=%2Fwp%2Fv2%2Ftags&post=6958"}],"curies":[{"name":"wp","href":"https:\/\/api.w.org\/{rel}","templated":true}]}}