{"id":6961,"date":"2022-06-23T16:40:23","date_gmt":"2022-06-23T21:40:23","guid":{"rendered":"https:\/\/podernacional.com\/?p=6961"},"modified":"2022-06-24T22:11:24","modified_gmt":"2022-06-24T22:11:24","slug":"presentan-festival-cultural-y-artistico-de-julio-2022","status":"publish","type":"post","link":"https:\/\/podernacional.com\/?p=6961","title":{"rendered":"Presentan Festival Cultural y Art\u00edstico de Julio 2022"},"content":{"rendered":"<h4>Para impulsar la econom\u00eda y la reactivaci\u00f3n tur\u00edstica del Pueblo M\u00e1gico de Guadalupe.<\/h4>\n<p>Presentan Festival Cultural: Del 23 al 30 de julio se realizar\u00e1 la segunda edici\u00f3n del Festival Cultural y Art\u00edstico de Julio 2022.<\/p>\n<p>En el que destaca la presentaci\u00f3n de grandes artistas de talla internacional como lo es Ra\u00fal Di Blassio y el tenor Carlos Luna.<\/p>\n<p>As\u00ed como Moenia, Enjambre, Grupo Ca\u00f1averal y Pato Machete, teniendo como escenario el emblem\u00e1tico Jard\u00edn Ju\u00e1rez, as\u00ed como la velaria de la Pur\u00edsima.<\/p>\n<p>Este festival nace en 2019.<\/p>\n<p>Sin embargo, a causa de la pandemia por COVID-19 tuvo que ser cancelado durante dos a\u00f1os.<\/p>\n<p>Julio Cesar Ch\u00e1vez Padilla, presidente municipal, record\u00f3 que este festival tiene una visi\u00f3n clara y tur\u00edstica.<\/p>\n<p>La cual es generar econom\u00eda durante la \u00e9poca vacacional m\u00e1s importante, que es la del verano.<\/p>\n<p>Destac\u00f3 que se trata de un festival en el que su programa diversifica y contiene todos los g\u00e9neros.<\/p>\n<p>Desde rock en espa\u00f1ol, hip-hop, m\u00fasica cl\u00e1sica, pop, regional.<\/p>\n<p>\u201cQue nos recuerda, nos atrae y nos llama, lo que queremos proyectar de la ciudad de Guadalupe a nuestros visitantes nacionales e internacionales\u201d.<\/p>\n<p>&nbsp;<\/p>\n<h4>En el programa de este festival tambi\u00e9n se integran talleres para el trabajo de la plata y la elaboraci\u00f3n de:<\/h4>\n<p>Zarapes, exposiciones, obras de teatro, concursos de danzas, charreadas, arte wix\u00e1rika, entre muchas m\u00e1s actividades.<\/p>\n<p>Ch\u00e1vez Padilla adelant\u00f3 que se tendr\u00e1 como invitado especial a Villamarias de Caldas, Colombia; con el que tambi\u00e9n se firmar\u00e1 el hermanamiento de ciudad y se tendr\u00e1 un intercambio cultural.<\/p>\n<p>\u201cEste festival de proyecci\u00f3n local cada vez toma m\u00e1s importancia nacional e internacional, pretendemos que en un futuro se arraigue internacionalmente\u201d, expres\u00f3.<\/p>\n<p>El alcalde hizo una invitaci\u00f3n a los guadalupenses y a sus visitantes a que:<\/p>\n<p>\u201cPromocionen lo que vivan en Guadalupe, somos guadalupenses pero seamos turistas en nuestra tierra y seamos los mejores promotores tur\u00edsticos\u201d.<\/p>\n<p>\u201cPara que la gente que conocemos de otros lugares puedan venir y disfrutar de Guadalupe\u201d.<\/p>\n<p>Durante su intervenci\u00f3n y como representante del gobernador, Le Roy Barrag\u00e1n Ocampo, titular de la Secretaria de Turismo de Zacatecas (Secturz).<\/p>\n<p>Se dijo sorprendido por el cartel que conforma el festival.<\/p>\n<p>Ya que se trata de una actividad que le dar\u00e1 una derrama econ\u00f3mica muy importante al municipio y a la entidad.<\/p>\n<p>Para la realizaci\u00f3n de este festival se invirtieron alrededor de dos millones de pesos.<\/p>\n<p>Recursos que son producto de una bolsa de aportaci\u00f3n por parte de la iniciativa privada y el ayuntamiento.<\/p>\n<p>Se espera superar los tres millones de pesos de derrama econ\u00f3mica durante todo el festival.<\/p>\n<p>Por ende, Presentan Festival Cultural y Art\u00edstico de Julio 2022<\/p>\n","protected":false},"excerpt":{"rendered":"<p>Para impulsar la econom\u00eda y la reactivaci\u00f3n tur\u00edstica del Pueblo M\u00e1gico de Guadalupe. Presentan Festival Cultural: Del 23 al 30 de julio se realizar\u00e1 la segunda edici\u00f3n del Festival Cultural y Art\u00edstico de Julio 2022. En el que destaca la presentaci\u00f3n de grandes artistas de talla internacional como lo es Ra\u00fal Di Blassio y el [&hellip;]<\/p>\n","protected":false},"author":1,"featured_media":6963,"comment_status":"open","ping_status":"closed","sticky":false,"template":"","format":"standard","meta":{"footnotes":""},"categories":[2,7],"tags":[],"class_list":["post-6961","post","type-post","status-publish","format-standard","has-post-thumbnail","hentry","category-cultural","category-nacional"],"_links":{"self":[{"href":"https:\/\/podernacional.com\/index.php?rest_route=\/wp\/v2\/posts\/6961","targetHints":{"allow":["GET"]}}],"collection":[{"href":"https:\/\/podernacional.com\/index.php?rest_route=\/wp\/v2\/posts"}],"about":[{"href":"https:\/\/podernacional.com\/index.php?rest_route=\/wp\/v2\/types\/post"}],"author":[{"embeddable":true,"href":"https:\/\/podernacional.com\/index.php?rest_route=\/wp\/v2\/users\/1"}],"replies":[{"embeddable":true,"href":"https:\/\/podernacional.com\/index.php?rest_route=%2Fwp%2Fv2%2Fcomments&post=6961"}],"version-history":[{"count":1,"href":"https:\/\/podernacional.com\/index.php?rest_route=\/wp\/v2\/posts\/6961\/revisions"}],"predecessor-version":[{"id":6962,"href":"https:\/\/podernacional.com\/index.php?rest_route=\/wp\/v2\/posts\/6961\/revisions\/6962"}],"wp:featuredmedia":[{"embeddable":true,"href":"https:\/\/podernacional.com\/index.php?rest_route=\/wp\/v2\/media\/6963"}],"wp:attachment":[{"href":"https:\/\/podernacional.com\/index.php?rest_route=%2Fwp%2Fv2%2Fmedia&parent=6961"}],"wp:term":[{"taxonomy":"category","embeddable":true,"href":"https:\/\/podernacional.com\/index.php?rest_route=%2Fwp%2Fv2%2Fcategories&post=6961"},{"taxonomy":"post_tag","embeddable":true,"href":"https:\/\/podernacional.com\/index.php?rest_route=%2Fwp%2Fv2%2Ftags&post=6961"}],"curies":[{"name":"wp","href":"https:\/\/api.w.org\/{rel}","templated":true}]}}