{"id":6967,"date":"2022-06-23T17:18:43","date_gmt":"2022-06-23T22:18:43","guid":{"rendered":"https:\/\/podernacional.com\/?p=6967"},"modified":"2022-06-24T22:41:38","modified_gmt":"2022-06-24T22:41:38","slug":"municipios-de-cantabria-acogen-los-espectaculos-de-la-cultura-contraataca-territorio-2022","status":"publish","type":"post","link":"https:\/\/podernacional.com\/?p=6967","title":{"rendered":"Municipios de Cantabria acogen los espect\u00e1culos de \u2018La Cultura Contraataca Territorio 2022\u2019"},"content":{"rendered":"<h4>Impulsada por la Vicepresidencia, la edici\u00f3n de este a\u00f1o acercar\u00e1 157 espect\u00e1culos a diferentes localidades de Cantabria<\/h4>\n<p>La programaci\u00f3n de \u2018La Cultura Contraataca Territorio 2022\u2019 regresa este fin de semana a varios municipios de Cantabria.<\/p>\n<p>Con espect\u00e1culos y propuestas culturales relacionadas con la m\u00fasica, teatro, magia, danza, cuentacuentos, circo, pasacalles y talleres.<\/p>\n<p>Las actuaciones arrancan esta tarde a las 17,00 horas en Correpoco, en los Tojos.<\/p>\n<p>Donde Mariu Torre presenta su espect\u00e1culo.<\/p>\n<p>\u201cViaje por la m\u00fasica de Cantabria\u201d<\/p>\n<p>A las 20,30hrs\u00a0en la Finca del Marqu\u00e9s de Valdecilla de Medio Cudeyo ser\u00e1 el turno de Sergio Mayoral de la Fuente con \u2018Mou Trumpet\u2019.<\/p>\n<p>El s\u00e1bado, la Plaza de la Constituci\u00f3n de Los Corrales de Buelna acoge la obra \u2018La escuela de Neia\u2019, de Risoto Producciones Art\u00edsticas.<\/p>\n<p>Por la tarde. A las 18,00 horas, la Plaza Riancho de Ramales de la Victoria.<\/p>\n<p>Ser\u00e1 el escenario de la actuaci\u00f3n de Miguel Cadavieco \u2018Romances y cantares al son del rabel\u2019.<\/p>\n<p>A las 21,00 horas Maymadder presenta \u2018Eterna\u2019 en la Plaza Marqu\u00e9s de Valdecilla de Li\u00e9rganes.<\/p>\n<p>A\u00a0las 22,00 horas Sara Sua interpreta \u2018Voces de mujer\u2019 en la Plaza Mayor de Santillana del Mar.<\/p>\n<p>El domingo, el complejo deportivo de Hoz de Anero, en Ribamont\u00e1n al Monte, ser\u00e1 escenario de diversos espect\u00e1culos.<\/p>\n<p>A las 12,00 horas, After Perdices presenta \u2018Sal y pimientu\u2019.<\/p>\n<p>Luego, a las 13,00 horas ser\u00e1 el turno de Hilo Producciones con \u2018Baldomeru, el lector viajero\u2019.<\/p>\n<p>Despu\u00e9s a las 14,00 horas llegar\u00e1 la magia de Julianini con \u2018La cartograf\u00eda animada de mis ancestros\u2019.<\/p>\n<p>Ademas a las 15,30 horas, Malabarcirco presenta \u2018La plaza es un circo\u2019.<\/p>\n<p>Por ultimo a las 18,00 horas, actuar\u00e1 Nando Caneca con \u2018Uco, un paisano diferente\u2019.<\/p>\n<p>Impulsada por la Vicepresidencia y Consejer\u00eda de Universidades, Igualdad, Cultura y Deporte esta nueva edici\u00f3n de \u2018La Cultura Contraataca Territorio 2022\u2019.<\/p>\n<p>Cuenta con 81 compa\u00f1\u00edas y 157 espect\u00e1culos de:<\/p>\n<p>M\u00fasica, teatro, magia, danza, cuentacuentos, circo, pasacalles y talleres.<\/p>\n<p>Para acercar desde abril y hasta diciembre la actividad cultural a los municipios de Cantabria.<\/p>\n<p>De estos 157 espect\u00e1culos programados, 86 de ellos son nuevos en este circuito.<\/p>\n<p>Tambi\u00e9n, de las 81 compa\u00f1\u00edas que intervienen, 21 participan por primera vez en esta propuesta cultural.<\/p>\n","protected":false},"excerpt":{"rendered":"<p>Impulsada por la Vicepresidencia, la edici\u00f3n de este a\u00f1o acercar\u00e1 157 espect\u00e1culos a diferentes localidades de Cantabria La programaci\u00f3n de \u2018La Cultura Contraataca Territorio 2022\u2019 regresa este fin de semana a varios municipios de Cantabria. Con espect\u00e1culos y propuestas culturales relacionadas con la m\u00fasica, teatro, magia, danza, cuentacuentos, circo, pasacalles y talleres. Las actuaciones arrancan [&hellip;]<\/p>\n","protected":false},"author":1,"featured_media":6969,"comment_status":"open","ping_status":"closed","sticky":false,"template":"","format":"standard","meta":{"footnotes":""},"categories":[4,5],"tags":[],"class_list":["post-6967","post","type-post","status-publish","format-standard","has-post-thumbnail","hentry","category-espectaculos","category-internacional"],"_links":{"self":[{"href":"https:\/\/podernacional.com\/index.php?rest_route=\/wp\/v2\/posts\/6967","targetHints":{"allow":["GET"]}}],"collection":[{"href":"https:\/\/podernacional.com\/index.php?rest_route=\/wp\/v2\/posts"}],"about":[{"href":"https:\/\/podernacional.com\/index.php?rest_route=\/wp\/v2\/types\/post"}],"author":[{"embeddable":true,"href":"https:\/\/podernacional.com\/index.php?rest_route=\/wp\/v2\/users\/1"}],"replies":[{"embeddable":true,"href":"https:\/\/podernacional.com\/index.php?rest_route=%2Fwp%2Fv2%2Fcomments&post=6967"}],"version-history":[{"count":1,"href":"https:\/\/podernacional.com\/index.php?rest_route=\/wp\/v2\/posts\/6967\/revisions"}],"predecessor-version":[{"id":6968,"href":"https:\/\/podernacional.com\/index.php?rest_route=\/wp\/v2\/posts\/6967\/revisions\/6968"}],"wp:featuredmedia":[{"embeddable":true,"href":"https:\/\/podernacional.com\/index.php?rest_route=\/wp\/v2\/media\/6969"}],"wp:attachment":[{"href":"https:\/\/podernacional.com\/index.php?rest_route=%2Fwp%2Fv2%2Fmedia&parent=6967"}],"wp:term":[{"taxonomy":"category","embeddable":true,"href":"https:\/\/podernacional.com\/index.php?rest_route=%2Fwp%2Fv2%2Fcategories&post=6967"},{"taxonomy":"post_tag","embeddable":true,"href":"https:\/\/podernacional.com\/index.php?rest_route=%2Fwp%2Fv2%2Ftags&post=6967"}],"curies":[{"name":"wp","href":"https:\/\/api.w.org\/{rel}","templated":true}]}}