{"id":6973,"date":"2022-06-23T17:51:27","date_gmt":"2022-06-23T22:51:27","guid":{"rendered":"https:\/\/podernacional.com\/?p=6973"},"modified":"2022-06-24T23:02:28","modified_gmt":"2022-06-24T23:02:28","slug":"amlo-anuncia-construccion-de-puente-en-cancun-con-una-inversion-de-6-mil-mdp","status":"publish","type":"post","link":"https:\/\/podernacional.com\/?p=6973","title":{"rendered":"AMLO anuncia construcci\u00f3n de puente en Canc\u00fan con una inversi\u00f3n de 6 mil mdp"},"content":{"rendered":"<h4>El presidente L\u00f3pez Obrador dijo que tambi\u00e9n est\u00e1 por iniciarse la pavimentaci\u00f3n con concreto hidr\u00e1ulico de toda la avenida Colosio<\/h4>\n<p>puente en Canc\u00fan: El presidente Andr\u00e9s Manuel L\u00f3pez Obrador anunci\u00f3 que en el marco de las obras del Tren Maya se iniciar\u00e1 la construcci\u00f3n de un puente de 5 o 6 kil\u00f3metros.<\/p>\n<p>Todo esto\u00a0desde la punta de la zona hotelera hasta la avenida Colosio en Canc\u00fan, con una inversi\u00f3n de 6 mil millones de pesos.<\/p>\n<p>Durante la conferencia ma\u00f1anera dijo que originalmente quer\u00edan que ese puente fuese una concesi\u00f3n y qu\u00e9 se cobrar\u00e1.<\/p>\n<p>No obstante el dijo:<\/p>\n<p>\u201cYo fui de la idea de que le ha dado tanto Canc\u00fan al sureste y a M\u00e9xico que merec\u00eda eso\u201d.<\/p>\n<p>\u201cAdemas de merecer\u00a0m\u00e1s y que no fuese de paga\u201d.<\/p>\n<p>\u201cSe va a hacer algo de buen gusto para atravesar la laguna\u201d, ser\u00e1 un mirador y tendr\u00e1 el puente un carril para bicicletas.<\/p>\n<p>\u201cPara que toda la gente de Canc\u00fan de las colonias pueda ir y apreciar esa belleza\u201d.<\/p>\n<p>\u201cEstamos cuidando el medio ambiente\u201d y evitando que se sature de tr\u00e1fico esa zona porque ya no se puede transitar por la zona hotelera.<\/p>\n<p>&nbsp;<\/p>\n<h4>Dijo que tambi\u00e9n est\u00e1 por iniciarse la pavimentaci\u00f3n con concreto hidr\u00e1ulico de toda la avenida Colosio en Canc\u00fan.<\/h4>\n<p>Para evitar estar tapando baches y ahora Cemex acaba de obtener el contrato. \u201cNo pod\u00edamos decirlo porque hab\u00eda campa\u00f1as\u201d.<\/p>\n<p>Reiter\u00f3 que el Tren Maya comunicar\u00e1 completamente a Quintana Roo desde los l\u00edmites de Yucat\u00e1n por el lado del Golfo de M\u00e9xico.<\/p>\n<p>Con esto estar\u00e1 pasando por Valladolid en la entrada a Holbox, a Canc\u00fan, Tulum, Felipe Carillo Puerto, Bacalar, Chetumal, Calakmul.<\/p>\n<p>Conclusi\u00f3n: El presidente Andr\u00e9s Manuel L\u00f3pez Obrador anunci\u00f3 la construcci\u00f3n de un puente en\u00a0 Canc\u00fan el estado de Quintana Roo, precisamente en Benito Juarez.<\/p>\n<p>El cual tendr\u00e1 un presupuesto de 6mil mdp, ademas de que contar\u00e1 con diversas \u00e1reas recreativas como una ciclov\u00eda.<\/p>\n","protected":false},"excerpt":{"rendered":"<p>El presidente L\u00f3pez Obrador dijo que tambi\u00e9n est\u00e1 por iniciarse la pavimentaci\u00f3n con concreto hidr\u00e1ulico de toda la avenida Colosio puente en Canc\u00fan: El presidente Andr\u00e9s Manuel L\u00f3pez Obrador anunci\u00f3 que en el marco de las obras del Tren Maya se iniciar\u00e1 la construcci\u00f3n de un puente de 5 o 6 kil\u00f3metros. Todo esto\u00a0desde la [&hellip;]<\/p>\n","protected":false},"author":1,"featured_media":6975,"comment_status":"open","ping_status":"closed","sticky":false,"template":"","format":"standard","meta":{"footnotes":""},"categories":[6,7],"tags":[],"class_list":["post-6973","post","type-post","status-publish","format-standard","has-post-thumbnail","hentry","category-local","category-nacional"],"_links":{"self":[{"href":"https:\/\/podernacional.com\/index.php?rest_route=\/wp\/v2\/posts\/6973","targetHints":{"allow":["GET"]}}],"collection":[{"href":"https:\/\/podernacional.com\/index.php?rest_route=\/wp\/v2\/posts"}],"about":[{"href":"https:\/\/podernacional.com\/index.php?rest_route=\/wp\/v2\/types\/post"}],"author":[{"embeddable":true,"href":"https:\/\/podernacional.com\/index.php?rest_route=\/wp\/v2\/users\/1"}],"replies":[{"embeddable":true,"href":"https:\/\/podernacional.com\/index.php?rest_route=%2Fwp%2Fv2%2Fcomments&post=6973"}],"version-history":[{"count":1,"href":"https:\/\/podernacional.com\/index.php?rest_route=\/wp\/v2\/posts\/6973\/revisions"}],"predecessor-version":[{"id":6974,"href":"https:\/\/podernacional.com\/index.php?rest_route=\/wp\/v2\/posts\/6973\/revisions\/6974"}],"wp:featuredmedia":[{"embeddable":true,"href":"https:\/\/podernacional.com\/index.php?rest_route=\/wp\/v2\/media\/6975"}],"wp:attachment":[{"href":"https:\/\/podernacional.com\/index.php?rest_route=%2Fwp%2Fv2%2Fmedia&parent=6973"}],"wp:term":[{"taxonomy":"category","embeddable":true,"href":"https:\/\/podernacional.com\/index.php?rest_route=%2Fwp%2Fv2%2Fcategories&post=6973"},{"taxonomy":"post_tag","embeddable":true,"href":"https:\/\/podernacional.com\/index.php?rest_route=%2Fwp%2Fv2%2Ftags&post=6973"}],"curies":[{"name":"wp","href":"https:\/\/api.w.org\/{rel}","templated":true}]}}