{"id":6982,"date":"2022-06-23T19:56:39","date_gmt":"2022-06-24T00:56:39","guid":{"rendered":"https:\/\/podernacional.com\/?p=6982"},"modified":"2022-06-25T01:29:18","modified_gmt":"2022-06-25T01:29:18","slug":"borrador-automatico-6","status":"publish","type":"post","link":"https:\/\/podernacional.com\/?p=6982","title":{"rendered":"Borrador autom\u00e1tico"},"content":{"rendered":"<h4>Este jueves, cientos de migrantes varados en la ciudad de Tapachula, Chiapas, se organizaron para agrupar una nueva caravana.<\/h4>\n<p>Militarizaci\u00f3n: Con destino a las pr\u00f3ximas oficinas migratorias de la Comar, localizadas en el municipio de Huixtla.<\/p>\n<p>Luego de recorrer diversos puntos de la frontera sur en Chiapas, organizaciones sociales y un par de legisladores federales advirtieron la situaci\u00f3n de vulnerabilidad.<\/p>\n<p>En la que la que se encuentran las personas migrantes en la zona, principalmente ni\u00f1as, ni\u00f1os de adolescentes.<\/p>\n<p>Ademas de quienes sufren constantes pr\u00e1cticas violatorias a sus derechos humanos, bajo la ausencia de las instituciones de protecci\u00f3n.<\/p>\n<p>Integrantes del Colectivo de Observaci\u00f3n y Monitoreo de Derechos Humanos del Sureste Mexicano, el senador Emilio \u00c1lvarez Icaza y Rosa Mar\u00eda Armendariz.<\/p>\n<p>Hablaron sobre los resultados de la Visita in Situ Chiapas, realizada del 21 al 23 de junio a la estaci\u00f3n migratoria Siglo XXI.<\/p>\n<p>&nbsp;<\/p>\n<h4>Estancias provisionales dependientes del Instituto Nacional de Migraci\u00f3n (INM), adem\u00e1s de albergues del DIF.<\/h4>\n<p>Los defensores detallaron que fue posible documentar el riesgo que viven ni\u00f1as, ni\u00f1os, adolescentes, mujeres y otras poblaciones.<\/p>\n<p>Con necesidades espec\u00edficas y en condiciones de especial vulnerabilidad.<\/p>\n<p>Todo esto debido a la falta de mecanismos para la detecci\u00f3n y canalizaci\u00f3n oportuna a instituciones correspondientes.<\/p>\n<p>El senador Emilio \u00c1lvarez Icaza dijo haber atestiguado pr\u00e1cticas violatorias parecidas a las realizadas en los campos de concentraci\u00f3n durante la segunda guerra mundial.<\/p>\n<p>En este contexto, las organizaciones coincidieron en que \u201cel impacto que tiene la militarizaci\u00f3n y presencia de la Guardia Nacional.<\/p>\n<p>En contraste con la ausencia de las instituciones responsables de la garant\u00eda de derechos en los espacios de control y verificaci\u00f3n migratoria.<\/p>\n<p>Ademas de la poca disponibilidad de informaci\u00f3n y los obst\u00e1culos para acceder a procesos de regularizaci\u00f3n migratoria y de reconocimiento de la condici\u00f3n de refugiadas.<\/p>\n<p>As\u00ed como las constantes violaciones a derechos de las personas detenidas en estaciones migratorias.<\/p>\n<p>\u201cAsimismo, fueron evidentes las dificultades a las que se enfrentan las organizaciones de la sociedad civil para realizar su labor de acompa\u00f1amiento\u201d.<\/p>\n<p>\u201cTambi\u00e9n de monitoreo en estaciones migratorias y estancias provisionales\u201d, fueron algunos de los hallazgos tras los recorridos.<\/p>\n","protected":false},"excerpt":{"rendered":"<p>Este jueves, cientos de migrantes varados en la ciudad de Tapachula, Chiapas, se organizaron para agrupar una nueva caravana. Militarizaci\u00f3n: Con destino a las pr\u00f3ximas oficinas migratorias de la Comar, localizadas en el municipio de Huixtla. Luego de recorrer diversos puntos de la frontera sur en Chiapas, organizaciones sociales y un par de legisladores federales [&hellip;]<\/p>\n","protected":false},"author":1,"featured_media":6984,"comment_status":"open","ping_status":"closed","sticky":false,"template":"","format":"standard","meta":{"footnotes":""},"categories":[7,9],"tags":[],"class_list":["post-6982","post","type-post","status-publish","format-standard","has-post-thumbnail","hentry","category-nacional","category-politica"],"_links":{"self":[{"href":"https:\/\/podernacional.com\/index.php?rest_route=\/wp\/v2\/posts\/6982","targetHints":{"allow":["GET"]}}],"collection":[{"href":"https:\/\/podernacional.com\/index.php?rest_route=\/wp\/v2\/posts"}],"about":[{"href":"https:\/\/podernacional.com\/index.php?rest_route=\/wp\/v2\/types\/post"}],"author":[{"embeddable":true,"href":"https:\/\/podernacional.com\/index.php?rest_route=\/wp\/v2\/users\/1"}],"replies":[{"embeddable":true,"href":"https:\/\/podernacional.com\/index.php?rest_route=%2Fwp%2Fv2%2Fcomments&post=6982"}],"version-history":[{"count":1,"href":"https:\/\/podernacional.com\/index.php?rest_route=\/wp\/v2\/posts\/6982\/revisions"}],"predecessor-version":[{"id":6983,"href":"https:\/\/podernacional.com\/index.php?rest_route=\/wp\/v2\/posts\/6982\/revisions\/6983"}],"wp:featuredmedia":[{"embeddable":true,"href":"https:\/\/podernacional.com\/index.php?rest_route=\/wp\/v2\/media\/6984"}],"wp:attachment":[{"href":"https:\/\/podernacional.com\/index.php?rest_route=%2Fwp%2Fv2%2Fmedia&parent=6982"}],"wp:term":[{"taxonomy":"category","embeddable":true,"href":"https:\/\/podernacional.com\/index.php?rest_route=%2Fwp%2Fv2%2Fcategories&post=6982"},{"taxonomy":"post_tag","embeddable":true,"href":"https:\/\/podernacional.com\/index.php?rest_route=%2Fwp%2Fv2%2Ftags&post=6982"}],"curies":[{"name":"wp","href":"https:\/\/api.w.org\/{rel}","templated":true}]}}