{"id":6985,"date":"2022-06-23T20:29:25","date_gmt":"2022-06-24T01:29:25","guid":{"rendered":"https:\/\/podernacional.com\/?p=6985"},"modified":"2022-06-25T01:39:14","modified_gmt":"2022-06-25T01:39:14","slug":"borrador-automatico-7","status":"publish","type":"post","link":"https:\/\/podernacional.com\/?p=6985","title":{"rendered":"Borrador autom\u00e1tico"},"content":{"rendered":"<h4>La compa\u00f1\u00eda desarrollar\u00e1 1,500 kil\u00f3metros de redes de fibra \u00f3ptica que le permitir\u00e1n atender los mercados de Canc\u00fan, Chetumal, Playa del Carmen e Isla Mujeres.<\/h4>\n<p>Megacable anunci\u00f3 el inicio de operaciones en Canc\u00fan, Quintana Roo.<\/p>\n<p>Lugar donde ofrecer\u00e1 todos sus servicios residenciales de Internet, telefon\u00eda fija y m\u00f3vil.<\/p>\n<p>Ademas, as\u00ed como el servicio de video con televisi\u00f3n HD interactiva a trav\u00e9s de la plataforma Xview+.<\/p>\n<p>Esta expansi\u00f3n significa la creaci\u00f3n de m\u00e1s de 370 empleos en Quintana Roo, 170 directos y 200 indirectos.<\/p>\n<p>Esto causando una inversi\u00f3n de 270 millones de pesos, que permitir\u00e1n que Megacable ofrezca sus paquetes de Internet ilimitado con fibra \u00f3ptica de \u00faltima generaci\u00f3n.<\/p>\n<p>Por consiguiente teniendo velocidades de hasta 1,000 Megas, dijo la empresa.<\/p>\n<p>Los servicios ser\u00e1n proporcionados por una nueva red de fibra \u00f3ptica que cubre el municipio Benito Ju\u00e1rez.<\/p>\n<p>Por ello, la expansi\u00f3n seguir\u00e1 a las ciudades de Chetumal, Playa del Carmen e Isla Mujeres.<\/p>\n<p>Para lo cual se instalan m\u00e1s de 1,500 kil\u00f3metros de red de fibra \u00f3ptica.<\/p>\n<p>\u201cEstamos muy satisfechos de nuestra llegada a esta zona, donde las familias y empresas podr\u00e1n elegir la opci\u00f3n que les brinda Megacable\u201d.<\/p>\n<p>Con todos sus servicios de telecomunicaciones y TI, para que cuenten con herramientas que son esenciales para el trabajo, la educaci\u00f3n, etc.<\/p>\n<p>\u00abAdem\u00e1s de la mejor oferta de entretenimiento\u201d, dijo Raymundo Fern\u00e1ndez, director general adjunto de Megacable.<\/p>\n<p>&nbsp;<\/p>\n<h4>Por ende, Megacable acabaa de anunciar una inversi\u00f3n inicial de 270 millones de pesos para ingresar a varios puntos del estado de Quintana Roo.<\/h4>\n<p>As\u00ed como lo son los municipios de Canc\u00fan, Chetumal, Playa del Carmen e Isla Mujeres.<\/p>\n<p>Gracias a esto ayudar\u00e1 con la creaci\u00f3n de al menos 370 nuevos empleos en estos municipios ayudando al sector laboral.<\/p>\n<p>Ya sean indirectos o directos.<\/p>\n<p>Por ultimo, mencionan que ademas contaran con fibra optima de la mejor calidad.<\/p>\n<p>&nbsp;<\/p>\n","protected":false},"excerpt":{"rendered":"<p>La compa\u00f1\u00eda desarrollar\u00e1 1,500 kil\u00f3metros de redes de fibra \u00f3ptica que le permitir\u00e1n atender los mercados de Canc\u00fan, Chetumal, Playa del Carmen e Isla Mujeres. Megacable anunci\u00f3 el inicio de operaciones en Canc\u00fan, Quintana Roo. Lugar donde ofrecer\u00e1 todos sus servicios residenciales de Internet, telefon\u00eda fija y m\u00f3vil. Ademas, as\u00ed como el servicio de video [&hellip;]<\/p>\n","protected":false},"author":1,"featured_media":6987,"comment_status":"open","ping_status":"closed","sticky":false,"template":"","format":"standard","meta":{"footnotes":""},"categories":[10,13],"tags":[],"class_list":["post-6985","post","type-post","status-publish","format-standard","has-post-thumbnail","hentry","category-quintana-roo","category-tecnologia"],"_links":{"self":[{"href":"https:\/\/podernacional.com\/index.php?rest_route=\/wp\/v2\/posts\/6985","targetHints":{"allow":["GET"]}}],"collection":[{"href":"https:\/\/podernacional.com\/index.php?rest_route=\/wp\/v2\/posts"}],"about":[{"href":"https:\/\/podernacional.com\/index.php?rest_route=\/wp\/v2\/types\/post"}],"author":[{"embeddable":true,"href":"https:\/\/podernacional.com\/index.php?rest_route=\/wp\/v2\/users\/1"}],"replies":[{"embeddable":true,"href":"https:\/\/podernacional.com\/index.php?rest_route=%2Fwp%2Fv2%2Fcomments&post=6985"}],"version-history":[{"count":1,"href":"https:\/\/podernacional.com\/index.php?rest_route=\/wp\/v2\/posts\/6985\/revisions"}],"predecessor-version":[{"id":6986,"href":"https:\/\/podernacional.com\/index.php?rest_route=\/wp\/v2\/posts\/6985\/revisions\/6986"}],"wp:featuredmedia":[{"embeddable":true,"href":"https:\/\/podernacional.com\/index.php?rest_route=\/wp\/v2\/media\/6987"}],"wp:attachment":[{"href":"https:\/\/podernacional.com\/index.php?rest_route=%2Fwp%2Fv2%2Fmedia&parent=6985"}],"wp:term":[{"taxonomy":"category","embeddable":true,"href":"https:\/\/podernacional.com\/index.php?rest_route=%2Fwp%2Fv2%2Fcategories&post=6985"},{"taxonomy":"post_tag","embeddable":true,"href":"https:\/\/podernacional.com\/index.php?rest_route=%2Fwp%2Fv2%2Ftags&post=6985"}],"curies":[{"name":"wp","href":"https:\/\/api.w.org\/{rel}","templated":true}]}}