{"id":6994,"date":"2022-06-24T11:36:29","date_gmt":"2022-06-24T16:36:29","guid":{"rendered":"https:\/\/podernacional.com\/?p=6994"},"modified":"2022-06-25T17:07:06","modified_gmt":"2022-06-25T17:07:06","slug":"la-decada-perdida-de-mexico","status":"publish","type":"post","link":"https:\/\/podernacional.com\/?p=6994","title":{"rendered":"La \u2018d\u00e9cada perdida\u2019 de M\u00e9xico"},"content":{"rendered":"<h4>M\u00e9xico est\u00e1 entre los pocos pa\u00edses latinoamericanos que en 2022 y 2023 crecer\u00e1n menos que en los pasados 20 a\u00f1os.<\/h4>\n<p>La \u2018d\u00e9cada perdida\u2019 de M\u00e9xico: Cuando el crecimiento promedio fue de s\u00f3lo 2.2%.<\/p>\n<p>La semana cerr\u00f3 con varias noticias importantes sobre M\u00e9xico y su econom\u00eda.<\/p>\n<p>Una tiene que ver con la actividad econ\u00f3mica, que medida por el IGAE.<\/p>\n<p>Una lectura aproximada del PIB mensual, creci\u00f3 un sorpresivo 1.1 por ciento mensual en abril pasado, de acuerdo con el INEGI.<\/p>\n<p>La cifra no s\u00f3lo es superior a lo anticipado por los analistas.<\/p>\n<p>Sino que representa su mayor expansi\u00f3n desde marzo de 2021.<\/p>\n<p>Impulsada principalmente por el sector terciario \u2013comercio y servicios\u2013, que creci\u00f3 1.3 por ciento.<\/p>\n<p>El repunte del IGAE implica que la actividad econ\u00f3mica est\u00e1 s\u00f3lo 0.2 por ciento por debajo de febrero de 2020.<\/p>\n<p>Por lo que le falta muy poco para recuperar su nivel anterior a la pandemia, pero respecto a su m\u00e1ximo hist\u00f3rico a\u00fan est\u00e1 muy rezagado.<\/p>\n<p>La informaci\u00f3n oportuna sugiere una importante p\u00e9rdida de dinamismo a partir de mayo en un entorno incierto.<\/p>\n<p>En el que la desaceleraci\u00f3n o una eventual recesi\u00f3n de Estados Unidos representan el mayor riesgo para la econom\u00eda mexicana.<\/p>\n<p>En este contexto, destaca la revisi\u00f3n al alza de Citibanamex en su expectativa de crecimiento para M\u00e9xico en 2022 de 1.3 a 1.5 por ciento.<\/p>\n<p>Si bien anticipa una desaceleraci\u00f3n de la actividad econ\u00f3mica para el resto del a\u00f1o.<\/p>\n<p>Sobre esta revisi\u00f3n, Ernesto Revilla, economista en jefe para Am\u00e9rica Latina de Citi Research.<\/p>\n<p>Dice que \u201cno es mucho (el ajuste), pero mejor de lo que esper\u00e1bamos (que creciera M\u00e9xico) hace unos meses\u201d.<\/p>\n<p>Por el contrario, para 2023 Citi recort\u00f3 su pron\u00f3stico de 2 a 1.8 por ciento ante un menor crecimiento mundial.<\/p>\n<p>&nbsp;<\/p>\n<h4>Ademas del\u00a0efecto de mayores tasas de inter\u00e9s sobre la econom\u00eda.<\/h4>\n<p>M\u00e9xico est\u00e1 entre los pocos pa\u00edses latinoamericanos que en 2022 y 2023 crecer\u00e1n menos que en los pasados 20 a\u00f1os.<\/p>\n<p>Ademas cuando el crecimiento promedio fue de s\u00f3lo 2.2 por ciento.<\/p>\n<p>\u201cEs un crecimiento bajo en comparaci\u00f3n con otros pa\u00edses de econom\u00eda emergentes, pero tambi\u00e9n es bajo comparado con el crecimiento hist\u00f3rico de M\u00e9xico\u201d, enfatiza Revilla.<\/p>\n<p>A pregunta de este reportero, el economista en jefe para Latinoam\u00e9rica de Citi Research prev\u00e9 que:<\/p>\n<p>\u201cEn 2023 vamos a recuperar el nivel de actividad econ\u00f3mica de 2019\u2033, pero para regresar al nivel de 2018 \u201cnos vamos a tardar m\u00e1s\u201d.<\/p>\n<p>No tiene duda de que crecer a una tasa m\u00e1s alta es el reto de M\u00e9xico, pues estima que:<\/p>\n<p>\u201cEl crecimiento del PIB va a promediar cero, poquito m\u00e1s, en todo el sexenio\u201d del presidente L\u00f3pez Obrador.<\/p>\n<p>Pero en t\u00e9rminos del PIB per c\u00e1pita, \u201cM\u00e9xico probablemente tendr\u00e1 una d\u00e9cada perdida\u201d, afirma Revilla.<\/p>\n<p>Quien comparti\u00f3 sus escenarios para la regi\u00f3n en el marco del Citi Latin America Media Summit aqu\u00ed en Nueva York.<\/p>\n<p>No es una buena noticia, pues el desempe\u00f1o insatisfactorio del PIB per c\u00e1pita terminar\u00e1 afectando el ingreso de la poblaci\u00f3n econ\u00f3micamente d\u00e9bil.<\/p>\n<p>M\u00e1s a\u00fan en el entorno inflacionario actual.<\/p>\n<p>El economista estima el crecimiento potencial de la econom\u00eda mexicana en alrededor de 2.4 por ciento.}<\/p>\n<p>Por lo que ahora crece muy por debajo de ese nivel.<\/p>\n<p>A pesar de presentar niveles de crecimiento bajos, la econom\u00eda mexicana genera mucho inter\u00e9s, donde la estabilidad macroecon\u00f3mica \u201ces la sorpresa\u201d, si bien hay claroscuros.<\/p>\n<p>El pa\u00eds puede tener problemas fiscales en el futuro por eso ser\u00e1 la \u2018d\u00e9cada perdida\u2019\u00a0 \u00a0en M\u00e9xico.<\/p>\n<p>Aunque ahora le gusta al mercado por el respeto del gobierno a la autonom\u00eda del Banco de M\u00e9xico.<\/p>\n<p>Ademas\u00a0sobre todo, por la relaci\u00f3n comercial con Estados Unidos.<\/p>\n<p>\u201cA un inversionista de portafolio (en el mercado de bonos) le gusta M\u00e9xico\u201d.<\/p>\n<p>\u201cPero un inversionista de planta (manufacturera) tiene una diferente tesis de inversi\u00f3n\u201d sobre el pa\u00eds, explica Revilla.<\/p>\n<p>&nbsp;<\/p>\n<h4>La autonom\u00eda de Banxico no es binaria, simplemente se tiene, asegura el economista.<\/h4>\n<p>Quien advierte que en estos momentos todos los bancos centrales est\u00e1n sujetos a presi\u00f3n pol\u00edtica.<\/p>\n<p>La credibilidad es continua y en este momento el mercado interpreta el compromiso de Banxico.<\/p>\n<p>El cual ademas\u00a0su mandato de estabilidad de precios va en la direcci\u00f3n correcta.<\/p>\n<p>\u201cLo que el mercado observa es que Banxico est\u00e1 tomando decisiones adecuadas para alcanzar la meta de inflaci\u00f3n en el horizonte planeado\u201d, subraya Revilla.<\/p>\n<p>Necesario y oportuno comentario ante un presidente AMLO que dice estar comprometido a respetar la autonom\u00eda de Banxico.<\/p>\n<p>Pero que no pierde oportunidad de criticar sus decisiones.<\/p>\n<p>Como este viernes que pidi\u00f3 a la instituci\u00f3n pensar en otra f\u00f3rmula que no sea el alza en la tasa de inter\u00e9s para reducir la inflaci\u00f3n.<\/p>\n<p>Por ende, La \u2018d\u00e9cada perdida\u2019 de M\u00e9xico es impunemente verdadera.<\/p>\n","protected":false},"excerpt":{"rendered":"<p>M\u00e9xico est\u00e1 entre los pocos pa\u00edses latinoamericanos que en 2022 y 2023 crecer\u00e1n menos que en los pasados 20 a\u00f1os. La \u2018d\u00e9cada perdida\u2019 de M\u00e9xico: Cuando el crecimiento promedio fue de s\u00f3lo 2.2%. La semana cerr\u00f3 con varias noticias importantes sobre M\u00e9xico y su econom\u00eda. Una tiene que ver con la actividad econ\u00f3mica, que medida [&hellip;]<\/p>\n","protected":false},"author":1,"featured_media":6996,"comment_status":"open","ping_status":"closed","sticky":false,"template":"","format":"standard","meta":{"footnotes":""},"categories":[7,9],"tags":[],"class_list":["post-6994","post","type-post","status-publish","format-standard","has-post-thumbnail","hentry","category-nacional","category-politica"],"_links":{"self":[{"href":"https:\/\/podernacional.com\/index.php?rest_route=\/wp\/v2\/posts\/6994","targetHints":{"allow":["GET"]}}],"collection":[{"href":"https:\/\/podernacional.com\/index.php?rest_route=\/wp\/v2\/posts"}],"about":[{"href":"https:\/\/podernacional.com\/index.php?rest_route=\/wp\/v2\/types\/post"}],"author":[{"embeddable":true,"href":"https:\/\/podernacional.com\/index.php?rest_route=\/wp\/v2\/users\/1"}],"replies":[{"embeddable":true,"href":"https:\/\/podernacional.com\/index.php?rest_route=%2Fwp%2Fv2%2Fcomments&post=6994"}],"version-history":[{"count":1,"href":"https:\/\/podernacional.com\/index.php?rest_route=\/wp\/v2\/posts\/6994\/revisions"}],"predecessor-version":[{"id":6995,"href":"https:\/\/podernacional.com\/index.php?rest_route=\/wp\/v2\/posts\/6994\/revisions\/6995"}],"wp:featuredmedia":[{"embeddable":true,"href":"https:\/\/podernacional.com\/index.php?rest_route=\/wp\/v2\/media\/6996"}],"wp:attachment":[{"href":"https:\/\/podernacional.com\/index.php?rest_route=%2Fwp%2Fv2%2Fmedia&parent=6994"}],"wp:term":[{"taxonomy":"category","embeddable":true,"href":"https:\/\/podernacional.com\/index.php?rest_route=%2Fwp%2Fv2%2Fcategories&post=6994"},{"taxonomy":"post_tag","embeddable":true,"href":"https:\/\/podernacional.com\/index.php?rest_route=%2Fwp%2Fv2%2Ftags&post=6994"}],"curies":[{"name":"wp","href":"https:\/\/api.w.org\/{rel}","templated":true}]}}