{"id":7015,"date":"2022-06-24T14:41:24","date_gmt":"2022-06-24T19:41:24","guid":{"rendered":"https:\/\/podernacional.com\/?p=7015"},"modified":"2022-06-25T20:15:11","modified_gmt":"2022-06-25T20:15:11","slug":"quintana-roo-rebasa-los-mas-de-mil-contagios-de-covid-19","status":"publish","type":"post","link":"https:\/\/podernacional.com\/?p=7015","title":{"rendered":"Quintana Roo rebasa los m\u00e1s de mil contagios de Covid-19"},"content":{"rendered":"<h4>El gobernador Carlos Joaqu\u00edn insisti\u00f3 en mantener el uso de cubrebocas en espacios cerrados y abiertos como opcional.<\/h4>\n<p>Quintana Roo : El estado de Quintana Roo rebas\u00f3 en los \u00faltimos cinco d\u00edas los m\u00e1s de mil 800 nuevos contagios de Covid-19.<\/p>\n<p>De acuerdo con la Secretar\u00eda de Salud en el estado, en los \u00faltimos d\u00edas se han reportado m\u00e1s de 600 pruebas positivas a SARS-COV2.<\/p>\n<p>Pese a esto, el gobierno local insisti\u00f3 en mantener las medidas como el uso de cubrebocas en espacios cerrados y abiertos como opcional.<\/p>\n<p>\u201cVamos a seguir adelante con todos estos procesos, tenemos que seguir cuid\u00e1ndonos, es importante hacer uso de cubrebocas en lugares cerrados\u201d.<\/p>\n<p>\u201c\u00a0Ademas de\u00a0privilegiar los espacios abiertos, para llevar a cabo reuniones y diferentes eventos\u201d, dijo <a href=\"https:\/\/twitter.com\/CarlosJoaquin\">Carlos Joaqu\u00edn Gonz\u00e1lez<\/a>, gobernador del estado.<\/p>\n<p>Independientemente de mantener la pol\u00edtica sanitaria, el mandatario indic\u00f3 que es necesario que la poblaci\u00f3n mantenga el uso de la mascarilla.<\/p>\n<p>Sobre todo en el transporte p\u00fablico y al interior de las oficinas.<\/p>\n<p>La mayor cantidad de casos positivos tuvo lugar el\u00a0viernes 24 de junio con 803.<\/p>\n<p>El jueves 23 de junio y mi\u00e9rcoles 22 de junio, los contagios excedieron los 600 diarios.<\/p>\n<p>Mientras que en d\u00edas anteriores oscilaron entre los 400 y 178.<\/p>\n<p>&nbsp;<\/p>\n<h4>Q. Roo, uno de los estados m\u00e1s afectados por la quinta ola de Covid<\/h4>\n<p>Debido al n\u00famero de contagios, QRoo se ha posicionado como de los estados m\u00e1s afectados en la Rep\u00fablica Mexicana, durante esta quinta ola de Covid-19.<\/p>\n<p>La plataforma de la Universidad Nacional Aut\u00f3noma de M\u00e9xico (UNAM) ubica actualmente a la entidad en tercer lugar.<\/p>\n<p>En el n\u00famero de casos positivos semanales por cada 100 mil habitantes, cuando hace dos semanas ostentaba el s\u00e9ptimo sitio.<\/p>\n<p>El monitoreo de la m\u00e1xima casa de estudios indica que se presenta un aumento de casos positivos a Covid-19 en la pen\u00faltima semana.<\/p>\n<p>Con respecto a la antepen\u00faltima semana, de 62.4 casos positivos por cada 100 mil habitantes.<\/p>\n<p>En cuanto a los casos activos, con un total de cuatro mil 747.<\/p>\n<p>El estado se encuentra en el quinto lugar de personas que actualmente cursan la enfermedad.<\/p>\n<p>Es decir, que est\u00e1n en el periodo de siete a 10 d\u00edas de aislamiento total.<\/p>\n<p>De este grupo, cuatro mil 250 se encuentran en sus hogares, mientras que 40 est\u00e1n hospitalizados por alg\u00fan tipo de complicaci\u00f3n.<\/p>\n","protected":false},"excerpt":{"rendered":"<p>El gobernador Carlos Joaqu\u00edn insisti\u00f3 en mantener el uso de cubrebocas en espacios cerrados y abiertos como opcional. Quintana Roo : El estado de Quintana Roo rebas\u00f3 en los \u00faltimos cinco d\u00edas los m\u00e1s de mil 800 nuevos contagios de Covid-19. De acuerdo con la Secretar\u00eda de Salud en el estado, en los \u00faltimos d\u00edas [&hellip;]<\/p>\n","protected":false},"author":1,"featured_media":7017,"comment_status":"open","ping_status":"closed","sticky":false,"template":"","format":"standard","meta":{"footnotes":""},"categories":[10,11],"tags":[],"class_list":["post-7015","post","type-post","status-publish","format-standard","has-post-thumbnail","hentry","category-quintana-roo","category-salud"],"_links":{"self":[{"href":"https:\/\/podernacional.com\/index.php?rest_route=\/wp\/v2\/posts\/7015","targetHints":{"allow":["GET"]}}],"collection":[{"href":"https:\/\/podernacional.com\/index.php?rest_route=\/wp\/v2\/posts"}],"about":[{"href":"https:\/\/podernacional.com\/index.php?rest_route=\/wp\/v2\/types\/post"}],"author":[{"embeddable":true,"href":"https:\/\/podernacional.com\/index.php?rest_route=\/wp\/v2\/users\/1"}],"replies":[{"embeddable":true,"href":"https:\/\/podernacional.com\/index.php?rest_route=%2Fwp%2Fv2%2Fcomments&post=7015"}],"version-history":[{"count":1,"href":"https:\/\/podernacional.com\/index.php?rest_route=\/wp\/v2\/posts\/7015\/revisions"}],"predecessor-version":[{"id":7016,"href":"https:\/\/podernacional.com\/index.php?rest_route=\/wp\/v2\/posts\/7015\/revisions\/7016"}],"wp:featuredmedia":[{"embeddable":true,"href":"https:\/\/podernacional.com\/index.php?rest_route=\/wp\/v2\/media\/7017"}],"wp:attachment":[{"href":"https:\/\/podernacional.com\/index.php?rest_route=%2Fwp%2Fv2%2Fmedia&parent=7015"}],"wp:term":[{"taxonomy":"category","embeddable":true,"href":"https:\/\/podernacional.com\/index.php?rest_route=%2Fwp%2Fv2%2Fcategories&post=7015"},{"taxonomy":"post_tag","embeddable":true,"href":"https:\/\/podernacional.com\/index.php?rest_route=%2Fwp%2Fv2%2Ftags&post=7015"}],"curies":[{"name":"wp","href":"https:\/\/api.w.org\/{rel}","templated":true}]}}