{"id":7024,"date":"2022-06-26T17:47:12","date_gmt":"2022-06-26T22:47:12","guid":{"rendered":"https:\/\/podernacional.com\/?p=7024"},"modified":"2022-06-27T23:21:45","modified_gmt":"2022-06-27T23:21:45","slug":"dia-internacional-de-la-sordoceguera","status":"publish","type":"post","link":"https:\/\/podernacional.com\/?p=7024","title":{"rendered":"D\u00eda Internacional de la Sordoceguera"},"content":{"rendered":"<h4>En el D\u00eda Internacional de la Sordoceguera, hablamos de un sector de la poblaci\u00f3n que tiene una discapacidad \u00fanica.<\/h4>\n<p>D\u00eda Internacional de la Sordoceguera: Con caracter\u00edsticas propias y que afecta al menos a 8 millones de ni\u00f1os y ni\u00f1as.<\/p>\n<p>Con discapacidad menores de 14 a\u00f1os en Am\u00e9rica Latina y el Caribe.<\/p>\n<p>La sordoceguera es un conjunto de discapacidades sensoriales en la que las personas que la viven presentan deterioro combinado de la vista y el o\u00eddo.<\/p>\n<p>El cual dificulta el acceso a la comunicaci\u00f3n, movilidad e informaci\u00f3n.<\/p>\n<p>La severidad de la discapacidad en cada caso particular.<\/p>\n<p>Dificulta que se compensen el resto de los sentidos, por lo que sus actividades se ven limitas y restringida su participaci\u00f3n en la sociedad.<\/p>\n<p>Dicha condici\u00f3n puede ser cr\u00f3nica o evolutiva, parcial o total de las capacidades perceptivas relativas a la visi\u00f3n y a la audici\u00f3n.<\/p>\n<p>Lo que afecta a su vida social, la comunicaci\u00f3n, el acceso a la informaci\u00f3n, la orientaci\u00f3n y la habilidad de moverse de manera segura\/libre.<\/p>\n<p>Existen diferentes enfermedades que pueden producir ceguera o sordera y no siempre los or\u00edgenes de ambas discapacidades se presentan de manera simult\u00e1nea.<\/p>\n<p>Si no que se puede nacer con una discapacidad y adquirir posteriormente la otra.<\/p>\n<p>&nbsp;<\/p>\n<h4>Las causas m\u00e1s comunes de sordoceguera en ni\u00f1os son:<\/h4>\n<p>Complicaciones relacionadas con partos prematuros, s\u00edndromes o trastornos hereditarios (como son CHARGE o Usher, por nombrar algunos).<\/p>\n<p>Complicaciones prenatales (Citomegalovirus, hidrocefalia o microcefalia), o complicaciones posnatales (asfixia, lesi\u00f3n severa en la cabeza o meningitis).<\/p>\n<p>La primera infancia es la etapa en que se puede lograr que una persona sordociega tenga mayores probabilidades integrarse al mundo.<\/p>\n<p>Se considera desde la etapa prenatal hasta los 8 a\u00f1os.<\/p>\n<p>Ademas de que\u00a0es una importante ventana de oportunidad para preparar las bases para el aprendizaje y la participaci\u00f3n permanentes.<\/p>\n<p>Con esto previniendo posibles retrasos del desarrollo y discapacidades.<\/p>\n<p>Finalmente, la evaluaci\u00f3n, manejo, habilitaci\u00f3n y rehabilitaci\u00f3n del paciente pedi\u00e1trico sordociego implica una atenci\u00f3n multidisciplinaria completa.<\/p>\n<p>Para que el ni\u00f1o pueda tener la oportunidad de lograr la inclusi\u00f3n, accediendo a los derechos b\u00e1sicos universales.<\/p>\n<p>En un futuro ser un adulto productivo e independiente, mejorando a largo plazo no solo la calidad de vida del mismo si no de su familia.<\/p>\n<p>Por ende, D\u00eda Internacional de la Sordoceguera se celebra cada 27 de Junio.<\/p>\n<p>&nbsp;<\/p>\n","protected":false},"excerpt":{"rendered":"<p>En el D\u00eda Internacional de la Sordoceguera, hablamos de un sector de la poblaci\u00f3n que tiene una discapacidad \u00fanica. D\u00eda Internacional de la Sordoceguera: Con caracter\u00edsticas propias y que afecta al menos a 8 millones de ni\u00f1os y ni\u00f1as. Con discapacidad menores de 14 a\u00f1os en Am\u00e9rica Latina y el Caribe. La sordoceguera es un [&hellip;]<\/p>\n","protected":false},"author":1,"featured_media":7026,"comment_status":"open","ping_status":"closed","sticky":false,"template":"","format":"standard","meta":{"footnotes":""},"categories":[2,5],"tags":[],"class_list":["post-7024","post","type-post","status-publish","format-standard","has-post-thumbnail","hentry","category-cultural","category-internacional"],"_links":{"self":[{"href":"https:\/\/podernacional.com\/index.php?rest_route=\/wp\/v2\/posts\/7024","targetHints":{"allow":["GET"]}}],"collection":[{"href":"https:\/\/podernacional.com\/index.php?rest_route=\/wp\/v2\/posts"}],"about":[{"href":"https:\/\/podernacional.com\/index.php?rest_route=\/wp\/v2\/types\/post"}],"author":[{"embeddable":true,"href":"https:\/\/podernacional.com\/index.php?rest_route=\/wp\/v2\/users\/1"}],"replies":[{"embeddable":true,"href":"https:\/\/podernacional.com\/index.php?rest_route=%2Fwp%2Fv2%2Fcomments&post=7024"}],"version-history":[{"count":1,"href":"https:\/\/podernacional.com\/index.php?rest_route=\/wp\/v2\/posts\/7024\/revisions"}],"predecessor-version":[{"id":7025,"href":"https:\/\/podernacional.com\/index.php?rest_route=\/wp\/v2\/posts\/7024\/revisions\/7025"}],"wp:featuredmedia":[{"embeddable":true,"href":"https:\/\/podernacional.com\/index.php?rest_route=\/wp\/v2\/media\/7026"}],"wp:attachment":[{"href":"https:\/\/podernacional.com\/index.php?rest_route=%2Fwp%2Fv2%2Fmedia&parent=7024"}],"wp:term":[{"taxonomy":"category","embeddable":true,"href":"https:\/\/podernacional.com\/index.php?rest_route=%2Fwp%2Fv2%2Fcategories&post=7024"},{"taxonomy":"post_tag","embeddable":true,"href":"https:\/\/podernacional.com\/index.php?rest_route=%2Fwp%2Fv2%2Ftags&post=7024"}],"curies":[{"name":"wp","href":"https:\/\/api.w.org\/{rel}","templated":true}]}}