{"id":7042,"date":"2022-06-26T19:48:26","date_gmt":"2022-06-27T00:48:26","guid":{"rendered":"https:\/\/podernacional.com\/?p=7042"},"modified":"2022-06-28T01:19:34","modified_gmt":"2022-06-28T01:19:34","slug":"jodie-sweetin-padres-forzosos-golpeada-por-la-policia-de-los-angeles-en-una-protesta-proaborto","status":"publish","type":"post","link":"https:\/\/podernacional.com\/?p=7042","title":{"rendered":"Jodie Sweetin (&#8216;Padres Forzosos&#8217;) golpeada por la polic\u00eda de Los \u00c1ngeles en una protesta proaborto"},"content":{"rendered":"<h4>Tras la decisi\u00f3n del Tribunal Supremo de Estados Unidos de revocar la ley del aborto y permitir que cada estado establezca una jurisdicci\u00f3n diferente.<\/h4>\n<p>Protesta proaborto: Hollywood se volc\u00f3 en favor de todas las mujeres perjudicadas por esta decisi\u00f3n.<\/p>\n<p>Varias productoras de streaming como Netflix, Warner o la propia Disney anunciaron que pagar\u00edan los viajes entre estados de las empleadas que vayan a abortar.<\/p>\n<p>Asimismo, y como era de esperar, directores, actrices, escritores, actores y dem\u00e1s personalidades han expresado su consternaci\u00f3n ante la decisi\u00f3n de la Corte.<\/p>\n<p>Sin embargo, parece que el estado no se va a amilanar y ya comienza a reaccionar ante esta ola de protestas pro aborto.<\/p>\n<p>En una manifestaci\u00f3n de este tipo, la polic\u00eda de Los \u00c1ngeles empuj\u00f3 y tir\u00f3 al suelo a Jodie Sweetin, actriz de &#8216;Padres forzosos&#8217;.<\/p>\n<p>La actriz, que estaba hablando por un meg\u00e1fono en el lateral de una carretera cortada por la marcha reivindicativa.<\/p>\n<p>Fue agarrada por los oficiales y tirada de mala manera hacia la zona donde se encontraban el resto de protestantes.<\/p>\n<p>Uno de los presentes grab\u00f3 la escena y r\u00e1pidamente el v\u00eddeo se hizo viral en redes sociales.<\/p>\n<p>Lo comparti\u00f3 Theprogressivits, una famosa cuenta activista, denunciando el agresivo comportamiento de la polic\u00eda y defendiendo a Sweetin.<\/p>\n<p>\u00ab\u00bfQu\u00e9 demonios os pasa?\u00bb, grit\u00f3 uno de los protestantes a los agentes de polic\u00eda que zarandearon a la actriz.<\/p>\n<p>Antes de entonar al un\u00edsono un \u00abSin justicia, no hay paz\u00bb.<\/p>\n<p>&nbsp;<\/p>\n<h4>Sweetin agradeci\u00f3 la publicaci\u00f3n del v\u00eddeo escribiendo en los comentarios.<\/h4>\n<p>\u00abGracias por compartirlo. Mucho amor a todos los que est\u00e1n ah\u00ed fuera luchando por lo que es justo\u00bb.<\/p>\n<p>M\u00e1s tarde, la actriz comparti\u00f3 un comunicado reflexionando sobre lo ocurrido.<\/p>\n<p>\u00abEstoy extremadamente orgullosa de los cientos de personas que vinieron ayer para ejercer sus derechos de la Primera Enmienda.<\/p>\n<p>Ademas de tomar medidas inmediatas para protestar pac\u00edficamente contra las injusticias cometidas por nuestra Corte Suprema.<\/p>\n<p>Nuestro activismo continuar\u00e1 hasta que nuestras voces y acciones se tengan en cuenta.<\/p>\n<p>Esto no nos detendr\u00e1, continuaremos luchando por nuestros derechos.<\/p>\n<p>No seremos libres hasta que todos seamos libres\u00bb.<\/p>\n<p>La polic\u00eda estadounidense, de nuevo a examen<\/p>\n<p>La brutalidad policial, especialmente en Estados Unidos, lleva protagonizando la respuesta de los agentes ante manifestaciones y protestas pac\u00edficas los \u00faltimos a\u00f1os.<\/p>\n<p>Por eso, no es de extra\u00f1ar la reacci\u00f3n de los polic\u00edas a este \u00faltimo movimiento a favor del aborto.<\/p>\n<p>Multitud de v\u00eddeos virales han dado la vuelta al mundo mostrando una vez m\u00e1s la agresiva y contundente respuesta de los oficiales.<\/p>\n<p>Ante la protesta proaborto de los civiles all\u00ed presentes.<\/p>\n<p>As\u00ed lo ha compartido el fotoperiodista freelance Michael Ade a trav\u00e9s de su cuenta de Twitter.<\/p>\n<p>\u00abLos manifestantes pac\u00edficos marcharon desde el ayuntamiento hasta una autopista en cuesta donde fueron confrontados por la polic\u00eda de Los \u00c1ngeles\u201d.<\/p>\n<p>La respuesta de los oficiales r\u00e1pidamente se volvi\u00f3 f\u00edsica contra la multitud desarmada\u00bb.<\/p>\n<p>El departamento de polic\u00eda de Los \u00c1ngeles est\u00e1 examinando el uso de la fuerza de los oficiales que puede observarse en los v\u00eddeos.<\/p>\n<p>\u00abLAPD est\u00e1 al tanto del v\u00eddeo de una mujer que es empujada al suelo por agentes\u201d.<\/p>\n<p>\u201cAdemas de que no permiten que el grupo entre a pie y acceda a la autopista 101\u00bb, dijo la polic\u00eda en un comunicado a People.<\/p>\n<p>\u00abLa fuerza utilizada ser\u00e1 evaluada con la pol\u00edtica y el procedimiento de LAPD\u00bb.<\/p>\n<p>El departamento ha a\u00f1adido que continuar\u00e1 respetando el derecho de los ciudadanos a protestar seg\u00fan la Primera Enmienda mientras protege la vida y la propiedad.<\/p>\n<p>Por ende, fue golpeada por la polic\u00eda de Los \u00c1ngeles en una protesta proaborto<\/p>\n","protected":false},"excerpt":{"rendered":"<p>Tras la decisi\u00f3n del Tribunal Supremo de Estados Unidos de revocar la ley del aborto y permitir que cada estado establezca una jurisdicci\u00f3n diferente. Protesta proaborto: Hollywood se volc\u00f3 en favor de todas las mujeres perjudicadas por esta decisi\u00f3n. Varias productoras de streaming como Netflix, Warner o la propia Disney anunciaron que pagar\u00edan los viajes [&hellip;]<\/p>\n","protected":false},"author":1,"featured_media":7044,"comment_status":"open","ping_status":"closed","sticky":false,"template":"","format":"standard","meta":{"footnotes":""},"categories":[5,8],"tags":[],"class_list":["post-7042","post","type-post","status-publish","format-standard","has-post-thumbnail","hentry","category-internacional","category-policia"],"_links":{"self":[{"href":"https:\/\/podernacional.com\/index.php?rest_route=\/wp\/v2\/posts\/7042","targetHints":{"allow":["GET"]}}],"collection":[{"href":"https:\/\/podernacional.com\/index.php?rest_route=\/wp\/v2\/posts"}],"about":[{"href":"https:\/\/podernacional.com\/index.php?rest_route=\/wp\/v2\/types\/post"}],"author":[{"embeddable":true,"href":"https:\/\/podernacional.com\/index.php?rest_route=\/wp\/v2\/users\/1"}],"replies":[{"embeddable":true,"href":"https:\/\/podernacional.com\/index.php?rest_route=%2Fwp%2Fv2%2Fcomments&post=7042"}],"version-history":[{"count":1,"href":"https:\/\/podernacional.com\/index.php?rest_route=\/wp\/v2\/posts\/7042\/revisions"}],"predecessor-version":[{"id":7043,"href":"https:\/\/podernacional.com\/index.php?rest_route=\/wp\/v2\/posts\/7042\/revisions\/7043"}],"wp:featuredmedia":[{"embeddable":true,"href":"https:\/\/podernacional.com\/index.php?rest_route=\/wp\/v2\/media\/7044"}],"wp:attachment":[{"href":"https:\/\/podernacional.com\/index.php?rest_route=%2Fwp%2Fv2%2Fmedia&parent=7042"}],"wp:term":[{"taxonomy":"category","embeddable":true,"href":"https:\/\/podernacional.com\/index.php?rest_route=%2Fwp%2Fv2%2Fcategories&post=7042"},{"taxonomy":"post_tag","embeddable":true,"href":"https:\/\/podernacional.com\/index.php?rest_route=%2Fwp%2Fv2%2Ftags&post=7042"}],"curies":[{"name":"wp","href":"https:\/\/api.w.org\/{rel}","templated":true}]}}