{"id":7045,"date":"2022-06-26T20:19:55","date_gmt":"2022-06-27T01:19:55","guid":{"rendered":"https:\/\/podernacional.com\/?p=7045"},"modified":"2022-06-28T01:26:34","modified_gmt":"2022-06-28T01:26:34","slug":"beijing-anuncio-que-la-politica-de-covid-cero-podria-durar-cinco-anos-y-provoco-alarma-y-confusion-en-china","status":"publish","type":"post","link":"https:\/\/podernacional.com\/?p=7045","title":{"rendered":"Beijing anunci\u00f3 que la pol\u00edtica de \u201cCovid cero\u201d podr\u00eda durar cinco a\u00f1os y provoc\u00f3 alarma y confusi\u00f3n en China"},"content":{"rendered":"<h4>Los censores del r\u00e9gimen comunista borraron cualquier referencia a la duraci\u00f3n de las medidas anti coronavirus.<\/h4>\n<p>\u201cCovid cero\u201d ; Despu\u00e9s que en las redes sociales se desatara la ira contra el r\u00e9gimen de Xi Jinping<\/p>\n<p>Las autoridades de Beijing han generado confusi\u00f3n y alarma despu\u00e9s de anunciar que la estricta pol\u00edtica de \u201ccovid cero\u201d.<\/p>\n<p>La cual podr\u00eda estar vigente durante los pr\u00f3ximos cinco a\u00f1os, incluidas las pruebas masivas obligatorias y las restricciones de viaje.<\/p>\n<p>El jefe del Partido Comunista en Beijing, Cai Qi, hizo las declaraciones por la ma\u00f1ana dentro de un reporte sobre la gesti\u00f3n de la ciudad.<\/p>\n<p>\u201cEn los pr\u00f3ximos cinco a\u00f1os, con decisi\u00f3n y sin reparos, Beijing har\u00e1 un buen trabajo en normalizar los controles de prevenci\u00f3n de pandemia\u201d.<\/p>\n<p>Indic\u00f3 el funcionario seg\u00fan una versi\u00f3n almacenada en cach\u00e9 de las declaraciones recogidas en el Beijing Daily, el principal medio del Partido Comunista.<\/p>\n<p>La ciudad \u201caplicar\u00e1 pruebas regulares PCR de alta calidad y controles en puntos clave, inspeccionar\u00e1 de forma estricta las entradas en comunidades residenciales\u201d.<\/p>\n<p>\u201cAdemas de\u00a0centros laborales e instituciones p\u00fablicas\u201d, indic\u00f3.<\/p>\n<p>El congreso del partido en la ciudad se celebra cada cinco a\u00f1os antes del congreso de la formaci\u00f3n nacional, previsto para este oto\u00f1o.<\/p>\n<p>En esas reuniones, los miembros suelen revisar la labor del lustro pasado y anuncian los objetivos para el siguiente periodo.<\/p>\n<p>Sin embargo, los censores digitales de China eliminaron el lunes con rapidez la etiqueta<\/p>\n<p>\u201cLos pr\u00f3ximos cinco a\u00f1os\u201d cuando la conversaci\u00f3n en internet giraba en torno a supuestas declaraciones del funcionario.<\/p>\n<p>El anuncio del lunes y la enmienda posterior provocaron ira y confusi\u00f3n entre los residentes de Beijing.<\/p>\n<p>La mayor\u00eda de los comentaristas no parec\u00edan sorprendidos ante la perspectiva de que el sistema continuara durante otra media d\u00e9cada, pero pocos apoyaron la idea.<\/p>\n<p>\u201cCuenta regresiva para escapar de China\u201d, dijo un usuario de Weibo.<\/p>\n<p>&nbsp;<\/p>\n<h4>\u201cEl objetivo final de combatir la epidemia es volver a la vida normal, y parece que todos se han olvidado de esto\u201d, se\u00f1al\u00f3 otro.<\/h4>\n<p>La versi\u00f3n actual del Beijing Daily ya no contiene la frase \u201cen los pr\u00f3ximos cinco a\u00f1os\u201d.<\/p>\n<p>En Weibo se elimin\u00f3 la etiqueta \u201clos pr\u00f3ximos cinco a\u00f1os\u201d.<\/p>\n<p>Una b\u00fasqueda del t\u00e9rmino en la plataforma de medios sociales mostraba un aviso sobre que el tema no pod\u00eda mostrarse<\/p>\n<p>\u201cDe acuerdo a leyes, regulaciones y pol\u00edticas relevantes\u201d, un mensaje de error habitual para temas eliminados por los censores de la app.<\/p>\n<p>Desde que hubo un repunte de casos impulsado por la variante \u00f3micron en abril, China ha aumentado la frecuencia de las pruebas masivas.<\/p>\n<p>En Beijing, la poblaci\u00f3n debe hacerse ahora una prueba negativa en las \u00faltimas 72 horas para acceder a recintos p\u00fablicos como restaurantes y oficinas.<\/p>\n<p>En toda la ciudad, el gobierno ha instado a habilitar miles de centros de pruebas diagn\u00f3sticas.<\/p>\n<p>Durante toda la pandemia, China se ha atenido a su estrategia de \u201cCOVID cero\u201d.<\/p>\n<p>El pa\u00eds recurre a pruebas masivas, rastreo de contactos y estrictas cuarentenas para impedir que el virus se expanda de forma masiva entre la poblaci\u00f3n.<\/p>\n","protected":false},"excerpt":{"rendered":"<p>Los censores del r\u00e9gimen comunista borraron cualquier referencia a la duraci\u00f3n de las medidas anti coronavirus. \u201cCovid cero\u201d ; Despu\u00e9s que en las redes sociales se desatara la ira contra el r\u00e9gimen de Xi Jinping Las autoridades de Beijing han generado confusi\u00f3n y alarma despu\u00e9s de anunciar que la estricta pol\u00edtica de \u201ccovid cero\u201d. La [&hellip;]<\/p>\n","protected":false},"author":1,"featured_media":7047,"comment_status":"open","ping_status":"closed","sticky":false,"template":"","format":"standard","meta":{"footnotes":""},"categories":[9,11],"tags":[],"class_list":["post-7045","post","type-post","status-publish","format-standard","has-post-thumbnail","hentry","category-politica","category-salud"],"_links":{"self":[{"href":"https:\/\/podernacional.com\/index.php?rest_route=\/wp\/v2\/posts\/7045","targetHints":{"allow":["GET"]}}],"collection":[{"href":"https:\/\/podernacional.com\/index.php?rest_route=\/wp\/v2\/posts"}],"about":[{"href":"https:\/\/podernacional.com\/index.php?rest_route=\/wp\/v2\/types\/post"}],"author":[{"embeddable":true,"href":"https:\/\/podernacional.com\/index.php?rest_route=\/wp\/v2\/users\/1"}],"replies":[{"embeddable":true,"href":"https:\/\/podernacional.com\/index.php?rest_route=%2Fwp%2Fv2%2Fcomments&post=7045"}],"version-history":[{"count":1,"href":"https:\/\/podernacional.com\/index.php?rest_route=\/wp\/v2\/posts\/7045\/revisions"}],"predecessor-version":[{"id":7046,"href":"https:\/\/podernacional.com\/index.php?rest_route=\/wp\/v2\/posts\/7045\/revisions\/7046"}],"wp:featuredmedia":[{"embeddable":true,"href":"https:\/\/podernacional.com\/index.php?rest_route=\/wp\/v2\/media\/7047"}],"wp:attachment":[{"href":"https:\/\/podernacional.com\/index.php?rest_route=%2Fwp%2Fv2%2Fmedia&parent=7045"}],"wp:term":[{"taxonomy":"category","embeddable":true,"href":"https:\/\/podernacional.com\/index.php?rest_route=%2Fwp%2Fv2%2Fcategories&post=7045"},{"taxonomy":"post_tag","embeddable":true,"href":"https:\/\/podernacional.com\/index.php?rest_route=%2Fwp%2Fv2%2Ftags&post=7045"}],"curies":[{"name":"wp","href":"https:\/\/api.w.org\/{rel}","templated":true}]}}