{"id":7059,"date":"2022-06-27T18:45:22","date_gmt":"2022-06-27T23:45:22","guid":{"rendered":"https:\/\/podernacional.com\/?p=7059"},"modified":"2022-06-29T01:06:40","modified_gmt":"2022-06-29T01:06:40","slug":"vienen-programas-artisticos-en-coahuila-a-traves-de-mejora-con-tu-cultura","status":"publish","type":"post","link":"https:\/\/podernacional.com\/?p=7059","title":{"rendered":"Vienen programas art\u00edsticos en Coahuila a trav\u00e9s de \u201cMejora con tu Cultura\u201d"},"content":{"rendered":"<h4>Como parte del programa Mejora Coahuila que potencializa las obras y acciones del gobierno estatal.<\/h4>\n<p>Coahuila: As\u00ed como el trabajo conjunto entre las diversas dependencias que lo conforman.<\/p>\n<p>El Secretario de Inclusi\u00f3n y Desarrollo Social, Manolo Jim\u00e9nez Salinas, y la Secretaria de Cultura, Ana Sof\u00eda Garc\u00eda Camil, mantuvieron una reuni\u00f3n de trabajo.<\/p>\n<p>Con el fin de definir las acciones que en materia cultural se llevar\u00e1n a cabo en Coahuila a trav\u00e9s de esta gran estrategia social.<\/p>\n<p>\u201cJunto con mi amiga Ana Sof\u00eda Garc\u00eda Camil, Secretaria de Cultura y nuestros equipos de trabajo\u201d.<\/p>\n<p>Vamos a desarrollar varios programas art\u00edsticos a trav\u00e9s de \u201cMejora con tu Cultura\u201d que llevaremos a todos los municipios de Coahuila.<\/p>\n<p>Seguimos puro pa\u2019 delante trabajando en esta gran estrategia social del Gobernador Miguel \u00c1ngel Riquelme Sol\u00eds para bien de nuestra gente.\u201d se\u00f1al\u00f3 Manolo Jim\u00e9nez.<\/p>\n<p>As\u00ed mismo, destac\u00f3 el trabajo que en materia de seguridad, empleo y desarrollo econ\u00f3mico mantiene el gobernador Miguel Riquelme.<\/p>\n<p>&nbsp;<\/p>\n<h4>Con lo cual es posible trabajar a la par en el tema social.<\/h4>\n<p>Por lo cual, en coordinaci\u00f3n con la Secretar\u00eda de Cultura se desarrollar\u00e1 una gran caravana art\u00edstica.<\/p>\n<p>El cual\u00a0llegar\u00e1 a todos los municipios, ya que el desarrollo social y la calidad de vida van ligados al tema cultural y de recreaci\u00f3n de las familias.<\/p>\n<p>Por su parte, la Secretaria de Cultura, Ana Sof\u00eda Garc\u00eda Camil, resalt\u00f3 la importancia de acercar las actividades culturales a todos los sectores.<\/p>\n<p>\u201cCon \u00a0estas acciones buscamos mantener la cohesi\u00f3n social y cultural\u201d.<\/p>\n<p>Ademas de estar llevando un mensaje de paz, de armon\u00eda y de convivencia con actividades para todos los sectores.<\/p>\n<p>Finalizando tambi\u00e9n se\u00f1al\u00f3 que \u201cbuscamos\u00a0que todas las colonias tengan acceso a todos los eventos culturales gracias a la transversalidad del programa Mejora\u201d, se\u00f1al\u00f3.<\/p>\n<p>Por ende Coahuila menciona que se avecinan programas artisticos a traves de \u201cMejora con tu Cultura\u201d.<\/p>\n","protected":false},"excerpt":{"rendered":"<p>Como parte del programa Mejora Coahuila que potencializa las obras y acciones del gobierno estatal. Coahuila: As\u00ed como el trabajo conjunto entre las diversas dependencias que lo conforman. El Secretario de Inclusi\u00f3n y Desarrollo Social, Manolo Jim\u00e9nez Salinas, y la Secretaria de Cultura, Ana Sof\u00eda Garc\u00eda Camil, mantuvieron una reuni\u00f3n de trabajo. Con el fin [&hellip;]<\/p>\n","protected":false},"author":1,"featured_media":7061,"comment_status":"open","ping_status":"closed","sticky":false,"template":"","format":"standard","meta":{"footnotes":""},"categories":[2,7],"tags":[],"class_list":["post-7059","post","type-post","status-publish","format-standard","has-post-thumbnail","hentry","category-cultural","category-nacional"],"_links":{"self":[{"href":"https:\/\/podernacional.com\/index.php?rest_route=\/wp\/v2\/posts\/7059","targetHints":{"allow":["GET"]}}],"collection":[{"href":"https:\/\/podernacional.com\/index.php?rest_route=\/wp\/v2\/posts"}],"about":[{"href":"https:\/\/podernacional.com\/index.php?rest_route=\/wp\/v2\/types\/post"}],"author":[{"embeddable":true,"href":"https:\/\/podernacional.com\/index.php?rest_route=\/wp\/v2\/users\/1"}],"replies":[{"embeddable":true,"href":"https:\/\/podernacional.com\/index.php?rest_route=%2Fwp%2Fv2%2Fcomments&post=7059"}],"version-history":[{"count":1,"href":"https:\/\/podernacional.com\/index.php?rest_route=\/wp\/v2\/posts\/7059\/revisions"}],"predecessor-version":[{"id":7060,"href":"https:\/\/podernacional.com\/index.php?rest_route=\/wp\/v2\/posts\/7059\/revisions\/7060"}],"wp:featuredmedia":[{"embeddable":true,"href":"https:\/\/podernacional.com\/index.php?rest_route=\/wp\/v2\/media\/7061"}],"wp:attachment":[{"href":"https:\/\/podernacional.com\/index.php?rest_route=%2Fwp%2Fv2%2Fmedia&parent=7059"}],"wp:term":[{"taxonomy":"category","embeddable":true,"href":"https:\/\/podernacional.com\/index.php?rest_route=%2Fwp%2Fv2%2Fcategories&post=7059"},{"taxonomy":"post_tag","embeddable":true,"href":"https:\/\/podernacional.com\/index.php?rest_route=%2Fwp%2Fv2%2Ftags&post=7059"}],"curies":[{"name":"wp","href":"https:\/\/api.w.org\/{rel}","templated":true}]}}