{"id":7068,"date":"2022-06-27T20:21:34","date_gmt":"2022-06-28T01:21:34","guid":{"rendered":"https:\/\/podernacional.com\/?p=7068"},"modified":"2022-06-29T01:32:27","modified_gmt":"2022-06-29T01:32:27","slug":"barcelona-celebra-el-dia-internacional-del-orgullo-lgbtq-con-la-bandera-de-arcoiris-en-el-camp-nou","status":"publish","type":"post","link":"https:\/\/podernacional.com\/?p=7068","title":{"rendered":"Barcelona celebra el D\u00eda Internacional del Orgullo LGBTQ+ con la bandera de arco\u00edris en el Camp Nou"},"content":{"rendered":"<h4>El equipo catal\u00e1n mostr\u00f3 su compromiso con la comunidad LGBTQ+ celebrando el d\u00eda internacional del orgullo.<\/h4>\n<p>Barcelona: Con motivo del D\u00eda Internacional del Orgullo LGBTQ+ que se celebra cada 28 de junio.<\/p>\n<p>El FC Barcelona ha izado la bandera arco\u00edris en el Camp Nou para manifestar su compromiso con la reivindicaci\u00f3n de los derechos de esta comunidad.<\/p>\n<p>La entidad azulgrana ha escogido como emblema de esta acci\u00f3n la bandera del Orgullo progresista \u2018Progress Pride\u2019 m\u00e1s inclusiva.<\/p>\n<p>As\u00ed, se a\u00f1aden a la bandera arco\u00edris las franjas blancas, rosadas y azul claro junto con las marrones y negras en forma de flecha.<\/p>\n<p>El cual representan que se trata de un movimiento en constante progresi\u00f3n.<\/p>\n<p>En total se han colocado 22 banderas, 19 en el Camp Nou, ubicadas sobre la grada del lateral.<\/p>\n<p>En el espacio que ocupan durante la competici\u00f3n las de los equipos de la Liga y de las competiciones europeas.<\/p>\n<p>Ademas de tres m\u00e1s en la explanada de tribuna.<\/p>\n<p>Estos estandartes ondear\u00e1n al viento como s\u00edmbolo de la diversidad sexual desde este martes, 28 de junio, y hasta el jueves 30.<\/p>\n<p>El FC Barcelona, desde el \u00e1rea de Diversidad e Inclusi\u00f3n, est\u00e1 trabajando para que todo tipo de diversidades se integren como parte de la cultura.<\/p>\n<p>De la entidad y tambi\u00e9n dando visibilidad a los diferentes colectivos.<\/p>\n<p>El FC Barcelona celebra el d\u00eda Internacional del Orgullo LGBTQ+ izando la bandera de arco\u00edris en el Camp Nou<\/p>\n<p>El pasado mes de mayo, con motivo del Mes Europeo de la Diversidad, el Bar\u00e7a tambi\u00e9n realiz\u00f3 acciones dirigidas a la comunidad LGTBQ+.<\/p>\n<p>Entre ellas un video protagonizado por Mapi Le\u00f3n y Dani Alves en el D\u00eda Internacional contra la homofobia, la bifobia y la transfobia.<\/p>\n<p>El cual se conmemora el 17 de mayo.<\/p>\n<p>En el marco de este compromiso con la lucha por una comunidad y un club m\u00e1s diverso e inclusivo.<\/p>\n<p>El 18 de febrero, D\u00eda Internacional contra la LGTBI-fobia en el mundo del deporte.<\/p>\n<p>Se firm\u00f3 un convenio de colaboraci\u00f3n con la asociaci\u00f3n Panteres Grogues para luchar contra la homofobia y la discriminaci\u00f3n.<\/p>\n<p>Por razones de orientaci\u00f3n o identidad sexual en el deporte y en la sociedad, tal y como recoge la \u00faltima modificaci\u00f3n estatutaria del FC Barcelona.<\/p>\n<p>Entre otras acciones, esta asociaci\u00f3n ha realizado actividades de sensibilizaci\u00f3n a los equipos t\u00e9cnicos formativos.d<\/p>\n<p>De las secciones de balonmano, baloncesto, hockey patines y f\u00fatbol sala, as\u00ed como al equipo educativo de la Mas\u00eda.<\/p>\n","protected":false},"excerpt":{"rendered":"<p>El equipo catal\u00e1n mostr\u00f3 su compromiso con la comunidad LGBTQ+ celebrando el d\u00eda internacional del orgullo. Barcelona: Con motivo del D\u00eda Internacional del Orgullo LGBTQ+ que se celebra cada 28 de junio. El FC Barcelona ha izado la bandera arco\u00edris en el Camp Nou para manifestar su compromiso con la reivindicaci\u00f3n de los derechos de [&hellip;]<\/p>\n","protected":false},"author":1,"featured_media":7070,"comment_status":"open","ping_status":"closed","sticky":false,"template":"","format":"standard","meta":{"footnotes":""},"categories":[3,4,5],"tags":[],"class_list":["post-7068","post","type-post","status-publish","format-standard","has-post-thumbnail","hentry","category-deportes","category-espectaculos","category-internacional"],"_links":{"self":[{"href":"https:\/\/podernacional.com\/index.php?rest_route=\/wp\/v2\/posts\/7068","targetHints":{"allow":["GET"]}}],"collection":[{"href":"https:\/\/podernacional.com\/index.php?rest_route=\/wp\/v2\/posts"}],"about":[{"href":"https:\/\/podernacional.com\/index.php?rest_route=\/wp\/v2\/types\/post"}],"author":[{"embeddable":true,"href":"https:\/\/podernacional.com\/index.php?rest_route=\/wp\/v2\/users\/1"}],"replies":[{"embeddable":true,"href":"https:\/\/podernacional.com\/index.php?rest_route=%2Fwp%2Fv2%2Fcomments&post=7068"}],"version-history":[{"count":1,"href":"https:\/\/podernacional.com\/index.php?rest_route=\/wp\/v2\/posts\/7068\/revisions"}],"predecessor-version":[{"id":7069,"href":"https:\/\/podernacional.com\/index.php?rest_route=\/wp\/v2\/posts\/7068\/revisions\/7069"}],"wp:featuredmedia":[{"embeddable":true,"href":"https:\/\/podernacional.com\/index.php?rest_route=\/wp\/v2\/media\/7070"}],"wp:attachment":[{"href":"https:\/\/podernacional.com\/index.php?rest_route=%2Fwp%2Fv2%2Fmedia&parent=7068"}],"wp:term":[{"taxonomy":"category","embeddable":true,"href":"https:\/\/podernacional.com\/index.php?rest_route=%2Fwp%2Fv2%2Fcategories&post=7068"},{"taxonomy":"post_tag","embeddable":true,"href":"https:\/\/podernacional.com\/index.php?rest_route=%2Fwp%2Fv2%2Ftags&post=7068"}],"curies":[{"name":"wp","href":"https:\/\/api.w.org\/{rel}","templated":true}]}}