{"id":7098,"date":"2022-06-29T19:56:40","date_gmt":"2022-06-30T00:56:40","guid":{"rendered":"https:\/\/podernacional.com\/?p=7098"},"modified":"2022-06-30T00:56:41","modified_gmt":"2022-06-30T00:56:41","slug":"preparate-lienzo-charro-de-la-fenadu-tendra-grandes-espectaculos","status":"publish","type":"post","link":"https:\/\/podernacional.com\/?p=7098","title":{"rendered":"\u00a1Prep\u00e1rate! Lienzo charro de la FENADU tendr\u00e1 grandes espect\u00e1culos"},"content":{"rendered":"<h4>Del 15 de julio al 31 de julio en el lienzo charro de la Feria Nacional Durango.<\/h4>\n<p>FENADU: Se ver\u00e1 engalanado por charreadas, coleaduras, rodeo y escaramuzas<\/p>\n<p>En el lienzo charro de la Feria Nacional Durango (Fenadu) se ver\u00e1 engalanado por charreadas, coleaduras, rodeo y escaramuzas.<\/p>\n<p>Para as\u00ed realzar a la charrer\u00eda, el deporte mexicano por excelencia.<\/p>\n<p>Ante la presencia de los representantes de los distintos eventos, se dio a conocer el cartel que se presentar\u00e1 en la Fenadu.<\/p>\n<p>Se comenzar\u00e1 el 15 de julio con el Torneo Nacional Charro, en donde Sergio \u201cG\u00fcero\u201d Ortega Jr. dio a conocer los equipos que estar\u00e1n presentes.<\/p>\n<p>El 23 de julio ser\u00e1 un evento con causa, en donde estar\u00e1 presente Diego Herrera, uno de los m\u00e1ximos exponente de la m\u00fasica mexicana.<\/p>\n<p>Para el 24 de julio se contar\u00e1 con el Circuito Nacional de Rodeo Wrangler, el cual arrancar\u00e1 a las 16:00 horas.<\/p>\n<p>Siendo Javier Rivera quien coment\u00f3 que es un espect\u00e1culo que re\u00fane a 150 jinetes con m\u00e1s de cien caballos.<\/p>\n<p>&nbsp;<\/p>\n<h4>Cumpliendo al cien por ciento el requerimiento del estatus sanitario.<\/h4>\n<p>Para el 24 de julio ser\u00e1 la feria de escaramuzas, con la presencia de los equipos de:<\/p>\n<p>Adelitas de Durango, Rancho Los Vergeles, Alacranas de Durango, El Potrillo, por mencionar solo algunas, la belleza de la mujer estar\u00e1 presente en lienzo charro.<\/p>\n<p>Un coleadero nocturno para el 30 de julio, con una tradici\u00f3n de m\u00e1s de diez a\u00f1os, 28 coleadores con 100 toros.<\/p>\n<p>Se contar\u00e1 con la presencia de Los Mazatlecos y los Cadetes de Linares, as\u00ed lo dio a conocer Jaime Soto.<\/p>\n<p>Para cerrar con broche de oro, el 31 de julio estar\u00e1 Extravagancia Rodeo Show, con la presencia en el show musical de Caballo Dorado.<\/p>\n<p>Ser\u00e1n 20 rondas donde pasan los mejores cuatro jinetes, carrera de barriles con diez competidores y avanzan los mejores cinco tiempos.<\/p>\n<p>La ganader\u00eda es de La Herradura.<\/p>\n<p>En el mismo Extravagancia se contar\u00e1 con Natanael Romario, quien es payaso de rodeo, el mismo explic\u00f3 que:<\/p>\n<p>Estar\u00e1n los hermanos Vel\u00e1zquez, payasos de rodeo de Zacatecas y en lo c\u00f3mico el duranguense, Jes\u00fas Lara \u201cTatis\u201d, adem\u00e1s de Adri\u00e1n S\u00e1nchez.<\/p>\n","protected":false},"excerpt":{"rendered":"<p>Del 15 de julio al 31 de julio en el lienzo charro de la Feria Nacional Durango. FENADU: Se ver\u00e1 engalanado por charreadas, coleaduras, rodeo y escaramuzas En el lienzo charro de la Feria Nacional Durango (Fenadu) se ver\u00e1 engalanado por charreadas, coleaduras, rodeo y escaramuzas. Para as\u00ed realzar a la charrer\u00eda, el deporte mexicano [&hellip;]<\/p>\n","protected":false},"author":1,"featured_media":7100,"comment_status":"open","ping_status":"closed","sticky":false,"template":"","format":"standard","meta":{"footnotes":""},"categories":[4,7],"tags":[],"class_list":["post-7098","post","type-post","status-publish","format-standard","has-post-thumbnail","hentry","category-espectaculos","category-nacional"],"_links":{"self":[{"href":"https:\/\/podernacional.com\/index.php?rest_route=\/wp\/v2\/posts\/7098","targetHints":{"allow":["GET"]}}],"collection":[{"href":"https:\/\/podernacional.com\/index.php?rest_route=\/wp\/v2\/posts"}],"about":[{"href":"https:\/\/podernacional.com\/index.php?rest_route=\/wp\/v2\/types\/post"}],"author":[{"embeddable":true,"href":"https:\/\/podernacional.com\/index.php?rest_route=\/wp\/v2\/users\/1"}],"replies":[{"embeddable":true,"href":"https:\/\/podernacional.com\/index.php?rest_route=%2Fwp%2Fv2%2Fcomments&post=7098"}],"version-history":[{"count":1,"href":"https:\/\/podernacional.com\/index.php?rest_route=\/wp\/v2\/posts\/7098\/revisions"}],"predecessor-version":[{"id":7099,"href":"https:\/\/podernacional.com\/index.php?rest_route=\/wp\/v2\/posts\/7098\/revisions\/7099"}],"wp:featuredmedia":[{"embeddable":true,"href":"https:\/\/podernacional.com\/index.php?rest_route=\/wp\/v2\/media\/7100"}],"wp:attachment":[{"href":"https:\/\/podernacional.com\/index.php?rest_route=%2Fwp%2Fv2%2Fmedia&parent=7098"}],"wp:term":[{"taxonomy":"category","embeddable":true,"href":"https:\/\/podernacional.com\/index.php?rest_route=%2Fwp%2Fv2%2Fcategories&post=7098"},{"taxonomy":"post_tag","embeddable":true,"href":"https:\/\/podernacional.com\/index.php?rest_route=%2Fwp%2Fv2%2Ftags&post=7098"}],"curies":[{"name":"wp","href":"https:\/\/api.w.org\/{rel}","templated":true}]}}