{"id":7101,"date":"2022-06-29T20:05:36","date_gmt":"2022-06-30T01:05:36","guid":{"rendered":"https:\/\/podernacional.com\/?p=7101"},"modified":"2022-06-30T01:05:37","modified_gmt":"2022-06-30T01:05:37","slug":"festival-internacional-cervantino-2022-donde-se-pueden-comprar-boletos-en-cdmx","status":"publish","type":"post","link":"https:\/\/podernacional.com\/?p=7101","title":{"rendered":"Festival Internacional Cervantino 2022: d\u00f3nde se pueden comprar boletos en CDMX"},"content":{"rendered":"<h4>La edici\u00f3n n\u00famero 50 contar\u00e1 con representaciones especiales de Corea y la Ciudad de M\u00e9xico.<\/h4>\n<p>Festival Internacional Cervantino 2022: Se llevar\u00e1 a cabo de manera presencial del 12 al 30 de octubre<\/p>\n<p>Esta ser\u00e1 su exhibici\u00f3n n\u00famero 50<\/p>\n<p>El Festival Internacional Cervantino (FIC) es uno de los m\u00e1s importantes de M\u00e9xico.<\/p>\n<p>Ademas se encuentra entre los cinco m\u00e1s relevantes de Iberoam\u00e9rica.<\/p>\n<p>Se llevar\u00e1 a cabo del 12 al 30 de octubre en su ya conocida sede en el estado de Guanajuato.<\/p>\n<p>Donde el escenario principal ser\u00e1 la explanada de la Alh\u00f3ndiga de Granaditas.<\/p>\n<p>La Secretar\u00eda de Cultura, junto al Gobierno de Guanajuato, dio a conocer que ser\u00e1 una ocasi\u00f3n muy especial.<\/p>\n<p>Ya que se celebrar\u00e1 su 50 aniversario, donde Corea y la Ciudad de M\u00e9xico ser\u00e1n los invitados especiales.<\/p>\n<p>Ante los m\u00e1s de 115 espect\u00e1culos esc\u00e9nicos y bandas invitadas, surge la pregunta de d\u00f3nde se pueden comprar los boletos.<\/p>\n<p>El tiraje saldr\u00e1 a la venta el 29 de junio en la taquilla oficial del FIC.<\/p>\n<p>En Guanajuato se expender\u00e1n en el Museo Conde Rul y en el Auditorio del estado.<\/p>\n<p>En Le\u00f3n, en el Teatro del Bicentenario Roberto Plasencia Salda\u00f1a; y en Ciudad de M\u00e9xico.<\/p>\n<p>En taquilla en las oficinas de la representaci\u00f3n del gobierno de Guanajuato.<\/p>\n<p>Dichas oficinas se encuentran en la calle Arqu\u00edmedes #3, piso ocho en Polanco, alcald\u00eda Miguel Hidalgo de la Ciudad de M\u00e9xico.<\/p>\n<p>La venta se realizar\u00e1 de lunes a viernes en un horario de 9:00 a 14:00 horas (tiempo del centro de M\u00e9xico).<\/p>\n<p>&nbsp;<\/p>\n<h4>Caifanes formar\u00e1 parte de la clausura del evento<\/h4>\n<p>De igual manera se pueden comprar en l\u00ednea por medio de la p\u00e1gina de Ticketmaster.<\/p>\n<p>\u00bfBuscas boletos para Guanajuato? Encuentra entradas en Ticketmaster MX.<\/p>\n<p>Como habr\u00e1 distintos eventos, los precios var\u00edan.<\/p>\n<p>Por ejemplo, para la presentaci\u00f3n del s\u00e1bado 15 de octubre a las 20:00 horas de la banda Caf\u00e9 Tacvba los boletos cuestan 115.50 pesos.<\/p>\n<p>Para el jueves 13 de octubre a las 20:00 horas la banda de K pop, K.A.R.D.<\/p>\n<p>Se presentar\u00e1 en la explanada de la Alh\u00f3ndiga de Granaditas y los boletos cuestan aproximadamente lo mismo que para Caf\u00e9 Tacvba.<\/p>\n<p>Mientras que para la clausura del domingo 30 de octubre a las 20:00 horas.<\/p>\n<p>Que contar\u00e1 con la presencia de la banda Caifanes los boletos est\u00e1n en 242 pesos cada uno mas cargos.<\/p>\n<p>Cabe destacar que estas tres presentaciones son de las m\u00e1s demandadas por lo que los boletos podr\u00edan agotarse r\u00e1pidamente.<\/p>\n<p>Caifanes formar\u00e1 parte de la clausura del Festival<\/p>\n<p>&nbsp;<\/p>\n<h4>Artistas que se presentar\u00e1n<\/h4>\n<p>-Orquesta Filarm\u00f3nica de la Ciudad de M\u00e9xico.<\/p>\n<p>La cual se encargar\u00e1 de inaugurar el festival el 12 de octubre a las 20:00 horas en la explanada de la Alh\u00f3ndiga de Granaditas<\/p>\n<p>-Caifanes, la banda clausurar\u00e1 el festival el 30 de octubre<\/p>\n<p>-Juan Manuel Serrat, el domingo 23 de octubre a las 20:00 horas en la explanada de la Alh\u00f3ndiga de Granaditas<\/p>\n<p>-Jazz at Lincoln Center con Wynton Marsalis, el jueves 27 de octubre a las 20:00 horas en la explanada de la Alh\u00f3ndiga de Granaditas<\/p>\n<p>-Caf\u00e9 Tacvba acompa\u00f1ados por la OSUG, el s\u00e1bado 15 de octubre a las 20:00 horas en la explanada de la Alh\u00f3ndiga de Granaditas<\/p>\n<p>-Lila Downs, el jueves 20 de octubre a las 20:00 horas en la explanada de la Alh\u00f3ndiga de Granaditas<\/p>\n<p>-Francisca Valenzuela, el martes 25 de octubre a las 20:00 horas en la explanada de la Alh\u00f3ndiga de Granaditas<\/p>\n<p>-Seun Kuti, el viernes 21 de octubre a las 20:00 horas en la explanada de la Alh\u00f3ndiga de Granaditas<\/p>\n<p>-Rosario Flores, el viernes 28 de octubre a las 20:00 horas en la explanada de la Alh\u00f3ndiga de Granaditas<\/p>\n<p>-Hello Seahorse!, el s\u00e1bado 28 de octubre a las 23:00 horas en El Trasnoche<\/p>\n<p>-Pat\u00e9 de Fu\u00e1, el s\u00e1bado 29 de octubre a las 20:00 horas en la explanada de la Alh\u00f3ndiga de Granaditas<\/p>\n<p>La CDMX es una de las invitadas especiales<\/p>\n<p>&nbsp;<\/p>\n<h4>Actividades m\u00e1s destacadas<\/h4>\n<p>En esta edici\u00f3n se llevar\u00e1n a cabo actividades especiales como:<\/p>\n<p>-La publicaci\u00f3n de un libro en conmemoraci\u00f3n del 50 aniversario del FIC<\/p>\n<p>-Una exposici\u00f3n en la Galer\u00eda abierta de las Rejas de Chapultepec<\/p>\n<p>-Lanzamiento de un billete de la Loter\u00eda Nacional.<\/p>\n<p>-Se estrenar\u00e1 la serie radiof\u00f3nica Tu voz cuenta<\/p>\n<p>-Las c\u00e1psulas audiovisuales 50 de Cervantes<\/p>\n<p>-Se llevar\u00e1 a cabo el Primer Seminario Internacional Cervantes en Am\u00e9rica Los Quijotes de las Lenguas<\/p>\n<p>-Habr\u00e1 una c\u00e1tedra cervantina<\/p>\n<p>-La reorganizaci\u00f3n y apertura del acervo del Cervantino<\/p>\n<p>-Presentaci\u00f3n del grupo de K-pop: K.A.R.D<\/p>\n<p>-Presentaci\u00f3n del grupo Coreyah<\/p>\n<p>Por medio de Twitter la jefa de Gobierno, Claudia Sheinbaum.<\/p>\n<p>Anunci\u00f3 que en la Ciudad de M\u00e9xico se presentar\u00e1 Joan Manuel Serrat el 21 de octubre en el z\u00f3calo.<\/p>\n<p>Por ende el Festival Internacional Cervantino 2022 ser\u00e1 una fiesta internacional espectacular.<\/p>\n","protected":false},"excerpt":{"rendered":"<p>La edici\u00f3n n\u00famero 50 contar\u00e1 con representaciones especiales de Corea y la Ciudad de M\u00e9xico. Festival Internacional Cervantino 2022: Se llevar\u00e1 a cabo de manera presencial del 12 al 30 de octubre Esta ser\u00e1 su exhibici\u00f3n n\u00famero 50 El Festival Internacional Cervantino (FIC) es uno de los m\u00e1s importantes de M\u00e9xico. Ademas se encuentra entre [&hellip;]<\/p>\n","protected":false},"author":1,"featured_media":7103,"comment_status":"open","ping_status":"closed","sticky":false,"template":"","format":"standard","meta":{"footnotes":""},"categories":[2,5],"tags":[],"class_list":["post-7101","post","type-post","status-publish","format-standard","has-post-thumbnail","hentry","category-cultural","category-internacional"],"_links":{"self":[{"href":"https:\/\/podernacional.com\/index.php?rest_route=\/wp\/v2\/posts\/7101","targetHints":{"allow":["GET"]}}],"collection":[{"href":"https:\/\/podernacional.com\/index.php?rest_route=\/wp\/v2\/posts"}],"about":[{"href":"https:\/\/podernacional.com\/index.php?rest_route=\/wp\/v2\/types\/post"}],"author":[{"embeddable":true,"href":"https:\/\/podernacional.com\/index.php?rest_route=\/wp\/v2\/users\/1"}],"replies":[{"embeddable":true,"href":"https:\/\/podernacional.com\/index.php?rest_route=%2Fwp%2Fv2%2Fcomments&post=7101"}],"version-history":[{"count":1,"href":"https:\/\/podernacional.com\/index.php?rest_route=\/wp\/v2\/posts\/7101\/revisions"}],"predecessor-version":[{"id":7102,"href":"https:\/\/podernacional.com\/index.php?rest_route=\/wp\/v2\/posts\/7101\/revisions\/7102"}],"wp:featuredmedia":[{"embeddable":true,"href":"https:\/\/podernacional.com\/index.php?rest_route=\/wp\/v2\/media\/7103"}],"wp:attachment":[{"href":"https:\/\/podernacional.com\/index.php?rest_route=%2Fwp%2Fv2%2Fmedia&parent=7101"}],"wp:term":[{"taxonomy":"category","embeddable":true,"href":"https:\/\/podernacional.com\/index.php?rest_route=%2Fwp%2Fv2%2Fcategories&post=7101"},{"taxonomy":"post_tag","embeddable":true,"href":"https:\/\/podernacional.com\/index.php?rest_route=%2Fwp%2Fv2%2Ftags&post=7101"}],"curies":[{"name":"wp","href":"https:\/\/api.w.org\/{rel}","templated":true}]}}