{"id":7104,"date":"2022-06-29T20:09:58","date_gmt":"2022-06-30T01:09:58","guid":{"rendered":"https:\/\/podernacional.com\/?p=7104"},"modified":"2022-06-30T01:09:59","modified_gmt":"2022-06-30T01:09:59","slug":"playa-del-carmen-reactiva-el-teatro-con-despertar-de-primavera","status":"publish","type":"post","link":"https:\/\/podernacional.com\/?p=7104","title":{"rendered":"Playa del Carmen reactiva el teatro con \u201cDespertar de primavera\u201d"},"content":{"rendered":"<h4>Este musical ser\u00e1 uno de los primeros en presentarse luego de dos a\u00f1os de pandemia.<\/h4>\n<p>Playa del Carmen: \u00abDespertar de primavera\u00bb, producido por Explayarte, es un musical que ser\u00e1 presentado en el Teatro de la Ciudad.<\/p>\n<p>Con ello se reactivan las puestas en escena de ese tipo tras la pandemia del coronavirus.<\/p>\n<p>Luis Ernesto L\u00f3pez Vargas, promotor cultural, inform\u00f3 que ser\u00e1 el 30 de junio el estreno de la obra.<\/p>\n<p>Con funciones adem\u00e1s el 1 y 2 de julio en el Teatro de la Ciudad, icono de la labor cultural en Playa del Carmen.<\/p>\n<p>\u201cEs el regreso de los musicales, que ya eran una tradici\u00f3n desde 2011, pues tuvimos que interrumpirlo por estos dos a\u00f1os por la pandemia\u201d.<\/p>\n<p>\u201cPero estamos celebrando que est\u00e1 vivo el proyecto (&#8230;) el musical se llama \u201cDespertar de primavera\u201d, es una obra que tiene 15 a\u00f1os.<\/p>\n<p>Ademas de\u00a0que ha cambiado el rumbo de la comedia musical en el mundo\u201d, dijo L\u00f3pez Vargas.<\/p>\n<p>&nbsp;<\/p>\n<h4>Esta puesta en escena es posible gracias a Explayarte.<\/h4>\n<p>Un instituto de educaci\u00f3n art\u00edstica que se ha encargado de educar a varias generaciones de playenses en diversas disciplinas audiovisuales.<\/p>\n<p>L\u00f3pez Vargas coment\u00f3 que durante el tiempo que ha durado la pandemia.<\/p>\n<p>El sector de las artes fue el m\u00e1s golpeado debido a que no tuvieron formas de tener ingresos ante el confinamiento que hubo.<\/p>\n<p>Adem\u00e1s que muchos proyectos art\u00edsticos tuvieron que ser abandonados.<\/p>\n<p>\u201cSe hizo no pensando en que todo estuviera bonito, es un tema muy profundo, es un tema de un despertar de primavera\u201d.<\/p>\n<p>\u201cUn despertar en todos los sentidos de los j\u00f3venes y lo m\u00e1s interesante est\u00e1 basado en un libro que se escribi\u00f3 a finales de mil 800 \u201c.<\/p>\n<p>\u201cAdemas de que\u00a0siguen siendo las mismas inquietudes, recomendable que los pap\u00e1s lleven a sus hijos\u201d, agreg\u00f3 L\u00f3pez Vargas.<\/p>\n<p>Los boletos pueden adquirirse a trav\u00e9s de las redes sociales de Explayarte.<\/p>\n<p>Un evento que fomenta la participaci\u00f3n art\u00edstica y cultural en la ciudad de Playa del Carmen, dirigido principalmente a su juventud y familia.<\/p>\n","protected":false},"excerpt":{"rendered":"<p>Este musical ser\u00e1 uno de los primeros en presentarse luego de dos a\u00f1os de pandemia. Playa del Carmen: \u00abDespertar de primavera\u00bb, producido por Explayarte, es un musical que ser\u00e1 presentado en el Teatro de la Ciudad. Con ello se reactivan las puestas en escena de ese tipo tras la pandemia del coronavirus. Luis Ernesto L\u00f3pez [&hellip;]<\/p>\n","protected":false},"author":1,"featured_media":7106,"comment_status":"open","ping_status":"closed","sticky":false,"template":"","format":"standard","meta":{"footnotes":""},"categories":[2,6],"tags":[],"class_list":["post-7104","post","type-post","status-publish","format-standard","has-post-thumbnail","hentry","category-cultural","category-local"],"_links":{"self":[{"href":"https:\/\/podernacional.com\/index.php?rest_route=\/wp\/v2\/posts\/7104","targetHints":{"allow":["GET"]}}],"collection":[{"href":"https:\/\/podernacional.com\/index.php?rest_route=\/wp\/v2\/posts"}],"about":[{"href":"https:\/\/podernacional.com\/index.php?rest_route=\/wp\/v2\/types\/post"}],"author":[{"embeddable":true,"href":"https:\/\/podernacional.com\/index.php?rest_route=\/wp\/v2\/users\/1"}],"replies":[{"embeddable":true,"href":"https:\/\/podernacional.com\/index.php?rest_route=%2Fwp%2Fv2%2Fcomments&post=7104"}],"version-history":[{"count":1,"href":"https:\/\/podernacional.com\/index.php?rest_route=\/wp\/v2\/posts\/7104\/revisions"}],"predecessor-version":[{"id":7105,"href":"https:\/\/podernacional.com\/index.php?rest_route=\/wp\/v2\/posts\/7104\/revisions\/7105"}],"wp:featuredmedia":[{"embeddable":true,"href":"https:\/\/podernacional.com\/index.php?rest_route=\/wp\/v2\/media\/7106"}],"wp:attachment":[{"href":"https:\/\/podernacional.com\/index.php?rest_route=%2Fwp%2Fv2%2Fmedia&parent=7104"}],"wp:term":[{"taxonomy":"category","embeddable":true,"href":"https:\/\/podernacional.com\/index.php?rest_route=%2Fwp%2Fv2%2Fcategories&post=7104"},{"taxonomy":"post_tag","embeddable":true,"href":"https:\/\/podernacional.com\/index.php?rest_route=%2Fwp%2Fv2%2Ftags&post=7104"}],"curies":[{"name":"wp","href":"https:\/\/api.w.org\/{rel}","templated":true}]}}