{"id":7107,"date":"2022-06-29T20:16:01","date_gmt":"2022-06-30T01:16:01","guid":{"rendered":"https:\/\/podernacional.com\/?p=7107"},"modified":"2022-06-30T01:16:02","modified_gmt":"2022-06-30T01:16:02","slug":"trabajadores-del-congreso-de-hidalgo-se-capacitan-en-lengua-de-senas","status":"publish","type":"post","link":"https:\/\/podernacional.com\/?p=7107","title":{"rendered":"Trabajadores del Congreso de Hidalgo se capacitan en lengua de se\u00f1as"},"content":{"rendered":"<h4>En seguimiento al compromiso de velar por todos los sectores de Hidalgo.<\/h4>\n<p>Hidalgo: La LXV Legislatura del Congreso estatal desarroll\u00f3 este 29 de junio un ciclo de talleres y conferencias orientadas a la inclusi\u00f3n.<\/p>\n<p>De dichos\u00a0ciudadanas y ciudadanos que se expresan en lengua de se\u00f1as.<\/p>\n<p>La actividad tuvo verificativo en el lobby del sal\u00f3n de Plenos y estuvo dirigida a l@s integrantes de las diferentes \u00e1reas del Poder Legislativo.<\/p>\n<p>Con el prop\u00f3sito de dotarlos de conocimientos y habilidades que fortalezcan su atenci\u00f3n y servicio a las y los hidalguenses.<\/p>\n<p>Como impulsor de los talleres, el presidente de la Junta de Gobierno, diputado Jorge Hern\u00e1ndez Araus, record\u00f3 que:<\/p>\n<p>La legislatura que encabeza ha sido llamada como \u00abla Legislatura de la Inclusi\u00f3n\u00bb.<\/p>\n<p>Por lo que ahora m\u00e1s que nunca es un compromiso para todas y todos los diputados, honrar ese calificativo:<\/p>\n<p>&nbsp;<\/p>\n<h4>\u201cCon trabajo en equipo estamos dise\u00f1ando estrategias y actividades que deriven en el beneficio de la ciudadan\u00eda\u201d.<\/h4>\n<p>Ademas de que\u00a0estamos seguros de que la capacitaci\u00f3n en lengua de se\u00f1as es un importante paso en esa direcci\u00f3n, manifest\u00f3 el congresista.<\/p>\n<p>En los trabajos estuvieron presentes y participaron las diputadas Lorena Hern\u00e1ndez, Michelle Calder\u00f3n y Erika Rodr\u00edguez.<\/p>\n<p>Quienes a trav\u00e9s de las comisiones que presiden han mantenido cercan\u00eda y labor constante con los grupos m\u00e1s vulnerables.<\/p>\n<p>La capacitaci\u00f3n para el personal del Congreso de Hidalgo estuvo a cargo de Germ\u00e1n Carrillo, experto int\u00e9rprete en lengua de se\u00f1as mexicana.<\/p>\n<p>Ademas de\u00a0su equipo de trabajo, quienes abordaron temas como la definici\u00f3n de la lengua de se\u00f1as, su marco normativo.<\/p>\n<p>As\u00ed mismo como los retos de los modelos ling\u00fc\u00edsticos, las vivencias de personas sordas para concientizar.<\/p>\n<p>Y\u00a0sensibilizar a las y los asistentes, conocimientos b\u00e1sicos de la cultura sorda, entre otros.<\/p>\n<p>Por ende, diversos trabajadores del Congreso de Hidalgo se capacitan en lengua de se\u00f1as.<\/p>\n<p>&nbsp;<\/p>\n","protected":false},"excerpt":{"rendered":"<p>En seguimiento al compromiso de velar por todos los sectores de Hidalgo. Hidalgo: La LXV Legislatura del Congreso estatal desarroll\u00f3 este 29 de junio un ciclo de talleres y conferencias orientadas a la inclusi\u00f3n. De dichos\u00a0ciudadanas y ciudadanos que se expresan en lengua de se\u00f1as. La actividad tuvo verificativo en el lobby del sal\u00f3n de [&hellip;]<\/p>\n","protected":false},"author":1,"featured_media":7109,"comment_status":"open","ping_status":"closed","sticky":false,"template":"","format":"standard","meta":{"footnotes":""},"categories":[2,7],"tags":[],"class_list":["post-7107","post","type-post","status-publish","format-standard","has-post-thumbnail","hentry","category-cultural","category-nacional"],"_links":{"self":[{"href":"https:\/\/podernacional.com\/index.php?rest_route=\/wp\/v2\/posts\/7107","targetHints":{"allow":["GET"]}}],"collection":[{"href":"https:\/\/podernacional.com\/index.php?rest_route=\/wp\/v2\/posts"}],"about":[{"href":"https:\/\/podernacional.com\/index.php?rest_route=\/wp\/v2\/types\/post"}],"author":[{"embeddable":true,"href":"https:\/\/podernacional.com\/index.php?rest_route=\/wp\/v2\/users\/1"}],"replies":[{"embeddable":true,"href":"https:\/\/podernacional.com\/index.php?rest_route=%2Fwp%2Fv2%2Fcomments&post=7107"}],"version-history":[{"count":1,"href":"https:\/\/podernacional.com\/index.php?rest_route=\/wp\/v2\/posts\/7107\/revisions"}],"predecessor-version":[{"id":7108,"href":"https:\/\/podernacional.com\/index.php?rest_route=\/wp\/v2\/posts\/7107\/revisions\/7108"}],"wp:featuredmedia":[{"embeddable":true,"href":"https:\/\/podernacional.com\/index.php?rest_route=\/wp\/v2\/media\/7109"}],"wp:attachment":[{"href":"https:\/\/podernacional.com\/index.php?rest_route=%2Fwp%2Fv2%2Fmedia&parent=7107"}],"wp:term":[{"taxonomy":"category","embeddable":true,"href":"https:\/\/podernacional.com\/index.php?rest_route=%2Fwp%2Fv2%2Fcategories&post=7107"},{"taxonomy":"post_tag","embeddable":true,"href":"https:\/\/podernacional.com\/index.php?rest_route=%2Fwp%2Fv2%2Ftags&post=7107"}],"curies":[{"name":"wp","href":"https:\/\/api.w.org\/{rel}","templated":true}]}}