{"id":7110,"date":"2022-06-29T20:32:07","date_gmt":"2022-06-30T01:32:07","guid":{"rendered":"https:\/\/podernacional.com\/?p=7110"},"modified":"2022-06-30T01:32:09","modified_gmt":"2022-06-30T01:32:09","slug":"policia-holandesa-libera-a-2-detenidos-tras-robo-de-joyas","status":"publish","type":"post","link":"https:\/\/podernacional.com\/?p=7110","title":{"rendered":"Polic\u00eda holandesa libera a 2 detenidos tras robo de joyas"},"content":{"rendered":"<h4>EN LA HAYA, Holanda \u2014 La polic\u00eda holandesa liber\u00f3 el mi\u00e9rcoles sin cargos a dos belgas que fueron arrestados.<\/h4>\n<p>Polic\u00eda holandesa: Se recita que un d\u00eda antes estaban bajo sospecha de estar involucrados en un robo de joyas de una prestigiosa feria de arte.<\/p>\n<p>La polic\u00eda de la provincia sure\u00f1a de Limburg tuite\u00f3 que los belgas, de 22 y 26 a\u00f1os, fueron detenidos.<\/p>\n<p>Todo esto poco despu\u00e9s del robo a mano armada en la feria TEFAF en Maastricht porque su comportamiento \u201cera lo suficientemente sospechoso en ese momento\u201d.<\/p>\n<p>La investigaci\u00f3n ha absuelto a ambos hombres de la participaci\u00f3n, dijo la polic\u00eda. No se han realizado otros arrestos en la b\u00fasqueda de los culpables.<\/p>\n<p>Un video del robo del martes publicado en redes sociales mostraba a un hombre vestido con:<\/p>\n<p>Pantalones, zapatillas de deporte, chaqueta y gorra de b\u00e9isbol golpeando algo fuera de la imagen con un mazo mientras sonaba la alarma.<\/p>\n<p>Otros tres hombres, tambi\u00e9n pulcramente vestidos, montaban guardia a su alrededor. Al menos dos parec\u00edan blandir armas.<\/p>\n<p>&nbsp;<\/p>\n<h4>Los cuatro huyeron juntos mientras la gente los miraba.<\/h4>\n<p>Fotos de la escena que tambi\u00e9n se publicaron en redes sociales mostraban agujeros en vitrinas de vidrio en la prestigiosa feria de arte TEFAF.<\/p>\n<p>Nadie result\u00f3 herido y el evento, que fue evacuado despu\u00e9s del robo, reabri\u00f3 m\u00e1s tarde ese d\u00eda.<\/p>\n<p>La polic\u00eda dijo que los ladrones hab\u00edan escapado con las joyas, pero no dieron detalles sobre lo que robaron o su valor.<\/p>\n<p>Por ende, no les proporcionaron las suficientes evidencias para ponerlos bajo arresto a los dos belgas en la HAYA, Holanda.<\/p>\n<p>Mas sin embargo, estaban bajo sospecha un d\u00eda antes de la dichosa y prestigiada feria de arte.<\/p>\n<p>Aunque se ocuparon las redes sociales proporcionando informaci\u00f3n de dichos sospechosos, mencionando su vestimenta el d\u00eda del atraco.<\/p>\n<p>No fueron suficientes y finalmente mencionaron su detenci\u00f3n por medio de Twitter<\/p>\n","protected":false},"excerpt":{"rendered":"<p>EN LA HAYA, Holanda \u2014 La polic\u00eda holandesa liber\u00f3 el mi\u00e9rcoles sin cargos a dos belgas que fueron arrestados. Polic\u00eda holandesa: Se recita que un d\u00eda antes estaban bajo sospecha de estar involucrados en un robo de joyas de una prestigiosa feria de arte. La polic\u00eda de la provincia sure\u00f1a de Limburg tuite\u00f3 que los [&hellip;]<\/p>\n","protected":false},"author":1,"featured_media":7112,"comment_status":"open","ping_status":"closed","sticky":false,"template":"","format":"standard","meta":{"footnotes":""},"categories":[5,8],"tags":[],"class_list":["post-7110","post","type-post","status-publish","format-standard","has-post-thumbnail","hentry","category-internacional","category-policia"],"_links":{"self":[{"href":"https:\/\/podernacional.com\/index.php?rest_route=\/wp\/v2\/posts\/7110","targetHints":{"allow":["GET"]}}],"collection":[{"href":"https:\/\/podernacional.com\/index.php?rest_route=\/wp\/v2\/posts"}],"about":[{"href":"https:\/\/podernacional.com\/index.php?rest_route=\/wp\/v2\/types\/post"}],"author":[{"embeddable":true,"href":"https:\/\/podernacional.com\/index.php?rest_route=\/wp\/v2\/users\/1"}],"replies":[{"embeddable":true,"href":"https:\/\/podernacional.com\/index.php?rest_route=%2Fwp%2Fv2%2Fcomments&post=7110"}],"version-history":[{"count":1,"href":"https:\/\/podernacional.com\/index.php?rest_route=\/wp\/v2\/posts\/7110\/revisions"}],"predecessor-version":[{"id":7111,"href":"https:\/\/podernacional.com\/index.php?rest_route=\/wp\/v2\/posts\/7110\/revisions\/7111"}],"wp:featuredmedia":[{"embeddable":true,"href":"https:\/\/podernacional.com\/index.php?rest_route=\/wp\/v2\/media\/7112"}],"wp:attachment":[{"href":"https:\/\/podernacional.com\/index.php?rest_route=%2Fwp%2Fv2%2Fmedia&parent=7110"}],"wp:term":[{"taxonomy":"category","embeddable":true,"href":"https:\/\/podernacional.com\/index.php?rest_route=%2Fwp%2Fv2%2Fcategories&post=7110"},{"taxonomy":"post_tag","embeddable":true,"href":"https:\/\/podernacional.com\/index.php?rest_route=%2Fwp%2Fv2%2Ftags&post=7110"}],"curies":[{"name":"wp","href":"https:\/\/api.w.org\/{rel}","templated":true}]}}