{"id":7128,"date":"2022-06-30T19:43:05","date_gmt":"2022-07-01T00:43:05","guid":{"rendered":"https:\/\/podernacional.com\/?p=7128"},"modified":"2022-07-01T00:43:06","modified_gmt":"2022-07-01T00:43:06","slug":"ve-directiva-de-pioneros-positivo-cambio-con-cancun-fc","status":"publish","type":"post","link":"https:\/\/podernacional.com\/?p=7128","title":{"rendered":"Ve directiva de Pioneros positivo cambio con Canc\u00fan FC"},"content":{"rendered":"<h4>El vicepresidente de Pioneros de Canc\u00fan afirm\u00f3 que otorgar el comodato del club a Canc\u00fan FC es positivo para que los jugadores locales.<\/h4>\n<p>Canc\u00fan FC: El vicepresidente de Pioneros de Canc\u00fan, David Mart\u00ednez Gonz\u00e1lez afirm\u00f3 que otorgar el comodato del club a Canc\u00fan FC.<\/p>\n<p>El cual\u00a0es positivo para que los jugadores locales tengan una mayor proyecci\u00f3n a la Liga de Expansi\u00f3n.<\/p>\n<p>\u201cEn Pioneros uno de los principales objetivos es la formaci\u00f3n deportiva\u201d.<\/p>\n<p>\u201cPero nuestro alcance es limitado. Por diferentes razones\u201d.<\/p>\n<p>Por lo tanto la cesi\u00f3n de derechos temporal busca que el alcance que tiene Canc\u00fan FC ayude a los j\u00f3venes prospectos a tener una mejor oportunidad.<\/p>\n<p>De alcanzar el sue\u00f1o de debutar en ligas superiores.<\/p>\n<p>Importante recalcar que no nos estamos deslindando, ya que trabajaremos de la mano con la directiva de Canc\u00fan FC.<\/p>\n<p>\u201cEn dicha\u00a0toma de decisiones con el fin de que entre ambas instituciones podamos ayudar a los j\u00f3venes con talento de Canc\u00fan y Quintana Roo\u201d.<\/p>\n<p>Se\u00f1al\u00f3 el directivo, que tom\u00f3 el cargo el 8 de noviembre del 2021.<\/p>\n<p>El mi\u00e9rcoles se confirm\u00f3 durante una sesi\u00f3n de cabildo que la franquicia de Segunda Divisi\u00f3n de Pioneros de Canc\u00fan pasar\u00e1.<\/p>\n<p>&nbsp;<\/p>\n<h5>A\u00a0ser administrado en comodato por una empresa privada (Negocios en F\u00fatbol Profesional S.A. de C.V.).<\/h5>\n<p>Cabe mencionar que la franquicia fungir\u00e1 como filial de Canc\u00fan FC en la \u2018Liga de Expansi\u00f3n\u2019 por lo que hay la posibilidad para hacer alg\u00fan cambio en el logo.<\/p>\n<p>De dicho logo\u00a0de Pioneros (principalmente en los colores).<\/p>\n<p>Por ende,\u00a0el nombre oficial se fusionan a\u00a0los dos equipos para llamarse Pioneros Canc\u00fan FC en la Serie A de la Liga Premier.<\/p>\n<p>En tanto que para la franquicia de la Tercera Divisi\u00f3n Profesional (TDP).<\/p>\n<p>Las cosas permanecer\u00e1n como hasta la campa\u00f1a anterior, siendo administrados por el municipio de Benito Ju\u00e1rez.<\/p>\n<p>\u201cAs\u00ed es, la Tercera Divisi\u00f3n se mantiene bajo la tutela de nosotros y operado con los fondos del Ayuntamiento\u201d.<\/p>\n<p>\u201cAhora que en lo deportivo buscamos motivar a los chicos de Tercera para destacar durante el torneo y as\u00ed poder subir a segunda\u201d, agreg\u00f3.<\/p>\n","protected":false},"excerpt":{"rendered":"<p>El vicepresidente de Pioneros de Canc\u00fan afirm\u00f3 que otorgar el comodato del club a Canc\u00fan FC es positivo para que los jugadores locales. Canc\u00fan FC: El vicepresidente de Pioneros de Canc\u00fan, David Mart\u00ednez Gonz\u00e1lez afirm\u00f3 que otorgar el comodato del club a Canc\u00fan FC. El cual\u00a0es positivo para que los jugadores locales tengan una mayor [&hellip;]<\/p>\n","protected":false},"author":1,"featured_media":0,"comment_status":"open","ping_status":"closed","sticky":false,"template":"","format":"standard","meta":{"footnotes":""},"categories":[3,6],"tags":[],"class_list":["post-7128","post","type-post","status-publish","format-standard","hentry","category-deportes","category-local"],"_links":{"self":[{"href":"https:\/\/podernacional.com\/index.php?rest_route=\/wp\/v2\/posts\/7128","targetHints":{"allow":["GET"]}}],"collection":[{"href":"https:\/\/podernacional.com\/index.php?rest_route=\/wp\/v2\/posts"}],"about":[{"href":"https:\/\/podernacional.com\/index.php?rest_route=\/wp\/v2\/types\/post"}],"author":[{"embeddable":true,"href":"https:\/\/podernacional.com\/index.php?rest_route=\/wp\/v2\/users\/1"}],"replies":[{"embeddable":true,"href":"https:\/\/podernacional.com\/index.php?rest_route=%2Fwp%2Fv2%2Fcomments&post=7128"}],"version-history":[{"count":1,"href":"https:\/\/podernacional.com\/index.php?rest_route=\/wp\/v2\/posts\/7128\/revisions"}],"predecessor-version":[{"id":7129,"href":"https:\/\/podernacional.com\/index.php?rest_route=\/wp\/v2\/posts\/7128\/revisions\/7129"}],"wp:attachment":[{"href":"https:\/\/podernacional.com\/index.php?rest_route=%2Fwp%2Fv2%2Fmedia&parent=7128"}],"wp:term":[{"taxonomy":"category","embeddable":true,"href":"https:\/\/podernacional.com\/index.php?rest_route=%2Fwp%2Fv2%2Fcategories&post=7128"},{"taxonomy":"post_tag","embeddable":true,"href":"https:\/\/podernacional.com\/index.php?rest_route=%2Fwp%2Fv2%2Ftags&post=7128"}],"curies":[{"name":"wp","href":"https:\/\/api.w.org\/{rel}","templated":true}]}}