{"id":713,"date":"2020-07-26T02:47:57","date_gmt":"2020-07-26T02:47:57","guid":{"rendered":"http:\/\/whatsappcancun.com\/?p=713"},"modified":"2020-07-26T02:47:57","modified_gmt":"2020-07-26T02:47:57","slug":"francia-hace-obligatoria-la-prueba-de-coronavirus-para-ingresar","status":"publish","type":"post","link":"https:\/\/podernacional.com\/?p=713","title":{"rendered":"Francia hace obligatoria la prueba de coronavirus para ingresar"},"content":{"rendered":"\n<p><strong>Francia<\/strong>&nbsp;hace obligatoria la prueba de&nbsp;<strong>coronavirus<\/strong>&nbsp;para ingresar, para viajeros de 16 pa\u00edses, incluyendo a Estados Unidos y Brasil, debido a que la enfermedad se ha vuelto a niveles comparables a los del final del periodo de confinamiento.<\/p>\n\n\n\n<p>El&nbsp;<strong>Gobierno franc\u00e9s<\/strong>&nbsp;dio a conocer este viernes que obligar\u00e1 a los viajeros de 16 naciones a hacerse la prueba para&nbsp;<strong>Covid-19<\/strong>, en medio de un&nbsp;<strong>repunte<\/strong>&nbsp;alarmante del n\u00famero de contagiados.<\/p>\n\n\n\n<p>Indic\u00f3 que luchar contra el virus pasa tambi\u00e9n por un control reforzado de los flujos en las fronteras y en los pa\u00edses incluidos en la lista, el virus circula muy fuertemente.<\/p>\n\n\n\n<blockquote class=\"wp-block-quote is-layout-flow wp-block-quote-is-layout-flow\"><p>\u201cNo ser\u00e1 posible venir desde ellos sin una&nbsp;<strong>prueba de PCR<\/strong>&nbsp;negativa\u201d, indicaron las autoridades francesas.<\/p><\/blockquote>\n\n\n\n<h2 class=\"wp-block-heading\">Francia hace obligatoria la prueba de coronavirus para ingresar<\/h2>\n\n\n\n<p>La lista de pa\u00edses cuyos viajeros deber\u00e1n someterse a la prueba incluye a Argelia, Bahr\u00e9in, Brasil, Emiratos \u00c1rabes Unidos (EAU), Estados Unidos, India, Israel, Kuwait, Madagascar, Om\u00e1n, Panam\u00e1, Per\u00fa, Qatar, Serbia, Sud\u00e1frica y Turqu\u00eda.<\/p>\n\n\n\n<p>El Gobierno de Francia subray\u00f3 que,<\/p>\n\n\n\n<blockquote class=\"wp-block-quote is-layout-flow wp-block-quote-is-layout-flow\"><p>\u201cal salir de EAU, Estados Unidos, Bahr\u00e9in y Panam\u00e1, los viajeros deber\u00e1n mostrar una prueba PCR negativa efectuada en las 72 horas anteriores a coger un avi\u00f3n con destino a Francia, a riesgo de que se les niegue el embarque\u201d.<\/p><\/blockquote>\n\n\n\n<blockquote class=\"wp-block-quote is-layout-flow wp-block-quote-is-layout-flow\"><p>\u201cPara el resto de pa\u00edses de la lista, el test de&nbsp;<strong>PCR<\/strong>&nbsp;ser\u00e1 obligatorio en llegada. En caso de que vengan de un pa\u00eds donde el virus circula fuertemente pero donde no sea posible hacerse la prueba, tendr\u00e1n que hac\u00e9rsela al salir del avi\u00f3n\u201d, inform\u00f3 el Ejecutivo.<\/p><\/blockquote>\n\n\n\n<p>Tambi\u00e9n resalt\u00f3 que la entrada en territorio nacional desde los pa\u00edses con una fuerte circulaci\u00f3n v\u00edrica no est\u00e1 autorizada m\u00e1s que en situaciones espec\u00edficas, principalmente para residentes franceses y personas que residen en Francia.<\/p>\n\n\n\n<h2 class=\"wp-block-heading\">Alarmante retroceso<\/h2>\n\n\n\n<p>Por su parte,&nbsp;<strong>Jean Castex<\/strong>, primer ministro franc\u00e9s, realiz\u00f3 una visita al aeropuerto de Roissy para analizar el dispositivo y ha agregado que la medida, que estar\u00e1 en vigor en todos los aer\u00f3dromos del pa\u00eds, operar\u00e1 desde el 1 de agosto, como muy tarde, seg\u00fan difundi\u00f3 el diario franc\u00e9s Le Monde.<\/p>\n\n\n\n<blockquote class=\"wp-block-quote is-layout-flow wp-block-quote-is-layout-flow\"><p>\u201cEn lo que se refiere a Catalu\u00f1a, recomendamos encarecidamente que los ciudadanos franceses eviten viajar a este territorio, hasta que la situaci\u00f3n de salud no mejore\u201d, recomend\u00f3 Castex.<\/p><\/blockquote>\n\n\n\n<blockquote class=\"wp-block-quote is-layout-flow wp-block-quote-is-layout-flow\"><p>\u201cSe est\u00e1n celebrando conversaciones entre Par\u00eds y Madrid para garantizar que los flujos de desplazamiento de Espa\u00f1a a Francia sean lo m\u00e1s limitados posibles\u201d, declar\u00f3.<\/p><\/blockquote>\n\n\n\n<p>El Ministerio de Sanidad confirm\u00f3 este viernes la existencia de m\u00e1s de mil contagios y destac\u00f3 que se ha vuelto a niveles comparables a los del final del periodo de confinamiento.<\/p>\n\n\n\n<blockquote class=\"wp-block-quote is-layout-flow wp-block-quote-is-layout-flow\"><p>\u201cDe este modo, hemos borrado buena parte del progreso que hab\u00edamos logrado en las primeras semanas del desconfinamiento\u201d, lament\u00f3 en un comunicado.<\/p><\/blockquote>\n\n\n\n<p>A la fecha contabilizan 217,797 casos de coronavirus, con 30,195 fallecidos, seg\u00fan datos recogidos por la Universidad Johns Hopkins.<\/p>\n","protected":false},"excerpt":{"rendered":"<p>Francia&nbsp;hace obligatoria la prueba de&nbsp;coronavirus&nbsp;para ingresar, para viajeros de 16 pa\u00edses, incluyendo a Estados Unidos y Brasil, debido a que la enfermedad se ha vuelto a niveles comparables a los del final del periodo de confinamiento. El&nbsp;Gobierno franc\u00e9s&nbsp;dio a conocer este viernes que obligar\u00e1 a los viajeros de 16 naciones a hacerse la prueba para&nbsp;Covid-19, [&hellip;]<\/p>\n","protected":false},"author":1,"featured_media":714,"comment_status":"open","ping_status":"open","sticky":false,"template":"","format":"standard","meta":{"footnotes":""},"categories":[5],"tags":[],"class_list":["post-713","post","type-post","status-publish","format-standard","has-post-thumbnail","hentry","category-internacional"],"_links":{"self":[{"href":"https:\/\/podernacional.com\/index.php?rest_route=\/wp\/v2\/posts\/713","targetHints":{"allow":["GET"]}}],"collection":[{"href":"https:\/\/podernacional.com\/index.php?rest_route=\/wp\/v2\/posts"}],"about":[{"href":"https:\/\/podernacional.com\/index.php?rest_route=\/wp\/v2\/types\/post"}],"author":[{"embeddable":true,"href":"https:\/\/podernacional.com\/index.php?rest_route=\/wp\/v2\/users\/1"}],"replies":[{"embeddable":true,"href":"https:\/\/podernacional.com\/index.php?rest_route=%2Fwp%2Fv2%2Fcomments&post=713"}],"version-history":[{"count":0,"href":"https:\/\/podernacional.com\/index.php?rest_route=\/wp\/v2\/posts\/713\/revisions"}],"wp:featuredmedia":[{"embeddable":true,"href":"https:\/\/podernacional.com\/index.php?rest_route=\/wp\/v2\/media\/714"}],"wp:attachment":[{"href":"https:\/\/podernacional.com\/index.php?rest_route=%2Fwp%2Fv2%2Fmedia&parent=713"}],"wp:term":[{"taxonomy":"category","embeddable":true,"href":"https:\/\/podernacional.com\/index.php?rest_route=%2Fwp%2Fv2%2Fcategories&post=713"},{"taxonomy":"post_tag","embeddable":true,"href":"https:\/\/podernacional.com\/index.php?rest_route=%2Fwp%2Fv2%2Ftags&post=713"}],"curies":[{"name":"wp","href":"https:\/\/api.w.org\/{rel}","templated":true}]}}