{"id":7130,"date":"2022-06-30T19:50:23","date_gmt":"2022-07-01T00:50:23","guid":{"rendered":"https:\/\/podernacional.com\/?p=7130"},"modified":"2022-07-01T00:50:24","modified_gmt":"2022-07-01T00:50:24","slug":"ciudades-en-california-cancelan-espectaculos-de-fuegos-artificiales-del-4-de-julio","status":"publish","type":"post","link":"https:\/\/podernacional.com\/?p=7130","title":{"rendered":"Ciudades en California cancelan espect\u00e1culos de fuegos artificiales del 4 de julio"},"content":{"rendered":"<h4>Algunas ciudades de California se vieron obligadas a cancelar sus espect\u00e1culos de fuegos artificiales.<\/h4>\n<p>California: Sin embargo, en el Valle Central podr\u00e1s disfrutar de estos eventos este fin de semana. Aqu\u00ed te decimos d\u00f3nde encontrarlos.<\/p>\n<p>Pese a que en algunas ciudades se cancelaron los espect\u00e1culos con fuegos artificiales.<\/p>\n<p>En esta lista podr\u00e1s encontrar las ciudades en el Valle Central con estos eventos.<\/p>\n<p>Algunas ciudades de California se vieron obligadas a cancelar sus espect\u00e1culos de fuegos artificiales del 4 de julio.<\/p>\n<p>Luego de que su contratista Exposhows, Inc. se viera involucrada en actividades il\u00edcitas, inform\u00f3 el Jefe de Bomberos del estado Dorado.<\/p>\n<p>Madera, en el Valle Central, y cuatro ciudades de Los \u00c1ngeles son las primeras en informar que su espect\u00e1culo de fuegos artificiales ser\u00e1 cancelado.<\/p>\n<p>El Jefe de Bomberos del estado inform\u00f3 que el almac\u00e9n de la empresa, en Mojave, tambi\u00e9n fue allanado e incluso se le retiraron sus permisos.<\/p>\n<p>Por lo que, los Kiwanis de Madera, a pesar de los intentos de buscar un nuevo proveedor, cancelaron el espect\u00e1culo.<\/p>\n<p>Sin embargo, las otras actividades que se ten\u00edan planeadas se llevar\u00e1n a cabo.<\/p>\n<p>D\u00f3nde encontrar los espect\u00e1culos de fuegos artificiales en el Valle Central<\/p>\n<p>Pese a que en algunas ciudades se cancelaron los espect\u00e1culos con fuegos artificiales.<\/p>\n<p>En\u00a0esta lista podr\u00e1s encontrar las ciudades en el Valle Central con estos eventos tan conmemorativos del 4 de julio.<\/p>\n<p>&nbsp;<\/p>\n<h4>En Fresno<\/h4>\n<p>El 2 de julio en el Lago Shaver a las 6:00 pm.<\/p>\n<p>El 3 de julio en el estadio de Kingsburg High School a las 6:00 pm.<\/p>\n<p>El 4 de julio en el Parque Chukchansi a las 6:30 pm.<\/p>\n<p>El 4 de julio en el campo de pr\u00e1ctica de Sanger High School de 5:30 pm a 9:30.<\/p>\n<p>&nbsp;<\/p>\n<h4>En Tulare<\/h4>\n<p>El 2 de julio en Porterville Sports Complex a las 5:00 pm.<\/p>\n<p>El 3 de julio en el Club de Golf Ridge Creek a las 9:15 pm.<\/p>\n<p>El 4 de julio en el estadio Valley Strong Ballpark a las 7:00 pm.<\/p>\n<p>El 4 de julio en el Parque de la Ciudad de Exeter a las 7:00 pm.<\/p>\n<p>&nbsp;<\/p>\n<h4>En Merced<\/h4>\n<p>El 2 de julio en Henry Miller Plaza a partir de la 1:00 pm.<\/p>\n<p>El 3 de julio en el Club de Kiwanis de Tulare a las 6:00 pm.<\/p>\n<p>El 4 de julio en el Castle Air Base Parade Grounds.<\/p>\n<p>&nbsp;<\/p>\n","protected":false},"excerpt":{"rendered":"<p>Algunas ciudades de California se vieron obligadas a cancelar sus espect\u00e1culos de fuegos artificiales. California: Sin embargo, en el Valle Central podr\u00e1s disfrutar de estos eventos este fin de semana. Aqu\u00ed te decimos d\u00f3nde encontrarlos. Pese a que en algunas ciudades se cancelaron los espect\u00e1culos con fuegos artificiales. En esta lista podr\u00e1s encontrar las ciudades [&hellip;]<\/p>\n","protected":false},"author":1,"featured_media":7132,"comment_status":"open","ping_status":"closed","sticky":false,"template":"","format":"standard","meta":{"footnotes":""},"categories":[4,5],"tags":[],"class_list":["post-7130","post","type-post","status-publish","format-standard","has-post-thumbnail","hentry","category-espectaculos","category-internacional"],"_links":{"self":[{"href":"https:\/\/podernacional.com\/index.php?rest_route=\/wp\/v2\/posts\/7130","targetHints":{"allow":["GET"]}}],"collection":[{"href":"https:\/\/podernacional.com\/index.php?rest_route=\/wp\/v2\/posts"}],"about":[{"href":"https:\/\/podernacional.com\/index.php?rest_route=\/wp\/v2\/types\/post"}],"author":[{"embeddable":true,"href":"https:\/\/podernacional.com\/index.php?rest_route=\/wp\/v2\/users\/1"}],"replies":[{"embeddable":true,"href":"https:\/\/podernacional.com\/index.php?rest_route=%2Fwp%2Fv2%2Fcomments&post=7130"}],"version-history":[{"count":1,"href":"https:\/\/podernacional.com\/index.php?rest_route=\/wp\/v2\/posts\/7130\/revisions"}],"predecessor-version":[{"id":7131,"href":"https:\/\/podernacional.com\/index.php?rest_route=\/wp\/v2\/posts\/7130\/revisions\/7131"}],"wp:featuredmedia":[{"embeddable":true,"href":"https:\/\/podernacional.com\/index.php?rest_route=\/wp\/v2\/media\/7132"}],"wp:attachment":[{"href":"https:\/\/podernacional.com\/index.php?rest_route=%2Fwp%2Fv2%2Fmedia&parent=7130"}],"wp:term":[{"taxonomy":"category","embeddable":true,"href":"https:\/\/podernacional.com\/index.php?rest_route=%2Fwp%2Fv2%2Fcategories&post=7130"},{"taxonomy":"post_tag","embeddable":true,"href":"https:\/\/podernacional.com\/index.php?rest_route=%2Fwp%2Fv2%2Ftags&post=7130"}],"curies":[{"name":"wp","href":"https:\/\/api.w.org\/{rel}","templated":true}]}}