{"id":7136,"date":"2022-06-30T20:01:01","date_gmt":"2022-07-01T01:01:01","guid":{"rendered":"https:\/\/podernacional.com\/?p=7136"},"modified":"2022-07-01T01:01:02","modified_gmt":"2022-07-01T01:01:02","slug":"ampi-cancun-propone-cambiar-acceso-al-puente-nichupte-en-la-zona-hotelera","status":"publish","type":"post","link":"https:\/\/podernacional.com\/?p=7136","title":{"rendered":"AMPI Canc\u00fan propone cambiar acceso al puente Nichupt\u00e9 en la zona hotelera"},"content":{"rendered":"<h4>Sugiere taxis acu\u00e1ticos, \u00bbtipo Venecia\u00bb, para desahogar el tr\u00e1fico en el bulevar Kukulc\u00e1n<\/h4>\n<p>AMPI Canc\u00fan: El presidente de la Asociaci\u00f3n Mexicana de Profesionales Inmobiliarios (AMPI), cap\u00edtulo Canc\u00fan, Miguel \u00c1ngel Lemus Mateos.<\/p>\n<p>Aplaudi\u00f3 el avance en los procesos para la construcci\u00f3n del puente vehicular sobre la laguna Nichupt\u00e9.<\/p>\n<p>Pero consider\u00f3 necesario cambiar el punto donde conectar\u00e1 en la zona hotelera.<\/p>\n<p>Adem\u00e1s, sugiri\u00f3 que se retome tambi\u00e9n el proyecto de los taxis lagunares.<\/p>\n<p>Porque con este puente tambi\u00e9n existe la posibilidad de que cada vez circulen m\u00e1s coches en la zona hotelera.<\/p>\n<p>Lo que agravar\u00eda la problem\u00e1tica a lo largo de los m\u00e1s de 20 kil\u00f3metros de extensi\u00f3n del bulevar Kukulc\u00e1n.<\/p>\n<p>Este mi\u00e9rcoles se llev\u00f3 a cabo en la Ciudad de M\u00e9xico la firma del contrato entre la empresa Ingenieros Civiles Asociados (ICA).<\/p>\n<p>Ademas de\u00a0la Secretar\u00eda de Infraestructura, Comunicaciones y Transportes (SICT) para la construcci\u00f3n del puente lagunar.<\/p>\n<p>El cual\u00a0tendr\u00e1 una extensi\u00f3n de 8.8 kil\u00f3metros y una inversi\u00f3n de 5 mil 570 millones de pesos.<\/p>\n<p>A partir de all\u00ed se deber\u00e1 establecer el plan de trabajo, mismo que debe ser aprobado por la Secretar\u00eda.<\/p>\n<p>&nbsp;<\/p>\n<h4>Alternativas al caos<\/h4>\n<p>\u201cQu\u00e9 bueno que ya viene el puente, lo que tenemos que ver es c\u00f3mo desemboca en la zona hotelera y no vaya a generar un conflicto mayor\u201d.<\/p>\n<p>\u201cAdemas de que est\u00e1 muy pegado a la zona de Isla Dorada, en nuestra opini\u00f3n deber\u00eda ir al kil\u00f3metro 14, en donde originalmente estaba llegando\u201d.<\/p>\n<p>Dijo y lament\u00f3 que apareci\u00f3 el due\u00f1o del terreno y aparentemente no quiso venderlo.<\/p>\n<p>Por lo que ahora lo movieron a la altura del kil\u00f3metro 12.5, lo que consider\u00f3 est\u00e1 muy cerca del problema vial.<\/p>\n<p>Una soluci\u00f3n alternativa, reiter\u00f3, es el transporte acu\u00e1tico.<\/p>\n<p>Adem\u00e1s de puentes peatonales para los turistas que cruzan constantemente espacios como la zona de antros.<\/p>\n<p>En donde las 24 horas del d\u00eda los veh\u00edculos se tienen que detener para que los visitantes puedan pasar de un lugar a otro.<\/p>\n<p>\u201cLa transportaci\u00f3n tipo Venecia en Canc\u00fan, que nos movamos por la laguna teniendo esta laguna (sic) que llega a la zona hotelera, teniendo estaciones\u201d.<\/p>\n<p>\u201cOtra son los pasos peatonales que se deben de hacer en los diferentes puntos principales por los que cruza el turismo\u201d.<\/p>\n<p>\u201cAdemas\u00a0sobre todo bajar la velocidad en ese bulevar Kukulc\u00e1n\u201d, opin\u00f3.<\/p>\n<p>Y es que sobre todo en horas pico el tr\u00e1nsito en todo el bulevar es sumamente ca\u00f3tico.<\/p>\n<p>Especialmente por las ma\u00f1anas del kil\u00f3metro 0 a los primeros nueve kil\u00f3metros, y por las tardes en direcci\u00f3n al centro de la ciudad.<\/p>\n<p>Tambi\u00e9n en los kil\u00f3metros m\u00e1s cercanos al 0 y especialmente entre Punta Canc\u00fan (kil\u00f3metro 9.4) y plaza La Isla (kil\u00f3metro 12.5).<\/p>\n<p>\u201cEse bulevar Kukulc\u00e1n ahorita es tierra de nadie, es de Fonatur, pero el tr\u00e1nsito y los sem\u00e1foros son del municipio, la basura la recoge el municipio\u201d.<\/p>\n<p>\u201cPero Fonatur es due\u00f1o de las calles, entonces hay un tema que contemplar, de un nuevo modelo de operaci\u00f3n de la zona hotelera\u201d, enfatiz\u00f3.<\/p>\n","protected":false},"excerpt":{"rendered":"<p>Sugiere taxis acu\u00e1ticos, \u00bbtipo Venecia\u00bb, para desahogar el tr\u00e1fico en el bulevar Kukulc\u00e1n AMPI Canc\u00fan: El presidente de la Asociaci\u00f3n Mexicana de Profesionales Inmobiliarios (AMPI), cap\u00edtulo Canc\u00fan, Miguel \u00c1ngel Lemus Mateos. Aplaudi\u00f3 el avance en los procesos para la construcci\u00f3n del puente vehicular sobre la laguna Nichupt\u00e9. Pero consider\u00f3 necesario cambiar el punto donde conectar\u00e1 [&hellip;]<\/p>\n","protected":false},"author":1,"featured_media":7138,"comment_status":"open","ping_status":"closed","sticky":false,"template":"","format":"standard","meta":{"footnotes":""},"categories":[6,10],"tags":[],"class_list":["post-7136","post","type-post","status-publish","format-standard","has-post-thumbnail","hentry","category-local","category-quintana-roo"],"_links":{"self":[{"href":"https:\/\/podernacional.com\/index.php?rest_route=\/wp\/v2\/posts\/7136","targetHints":{"allow":["GET"]}}],"collection":[{"href":"https:\/\/podernacional.com\/index.php?rest_route=\/wp\/v2\/posts"}],"about":[{"href":"https:\/\/podernacional.com\/index.php?rest_route=\/wp\/v2\/types\/post"}],"author":[{"embeddable":true,"href":"https:\/\/podernacional.com\/index.php?rest_route=\/wp\/v2\/users\/1"}],"replies":[{"embeddable":true,"href":"https:\/\/podernacional.com\/index.php?rest_route=%2Fwp%2Fv2%2Fcomments&post=7136"}],"version-history":[{"count":1,"href":"https:\/\/podernacional.com\/index.php?rest_route=\/wp\/v2\/posts\/7136\/revisions"}],"predecessor-version":[{"id":7137,"href":"https:\/\/podernacional.com\/index.php?rest_route=\/wp\/v2\/posts\/7136\/revisions\/7137"}],"wp:featuredmedia":[{"embeddable":true,"href":"https:\/\/podernacional.com\/index.php?rest_route=\/wp\/v2\/media\/7138"}],"wp:attachment":[{"href":"https:\/\/podernacional.com\/index.php?rest_route=%2Fwp%2Fv2%2Fmedia&parent=7136"}],"wp:term":[{"taxonomy":"category","embeddable":true,"href":"https:\/\/podernacional.com\/index.php?rest_route=%2Fwp%2Fv2%2Fcategories&post=7136"},{"taxonomy":"post_tag","embeddable":true,"href":"https:\/\/podernacional.com\/index.php?rest_route=%2Fwp%2Fv2%2Ftags&post=7136"}],"curies":[{"name":"wp","href":"https:\/\/api.w.org\/{rel}","templated":true}]}}