{"id":7139,"date":"2022-06-30T20:13:33","date_gmt":"2022-07-01T01:13:33","guid":{"rendered":"https:\/\/podernacional.com\/?p=7139"},"modified":"2022-07-01T01:13:34","modified_gmt":"2022-07-01T01:13:34","slug":"empleados-de-salud-protestan-en-hidalgo-porque-termina-su-contrato","status":"publish","type":"post","link":"https:\/\/podernacional.com\/?p=7139","title":{"rendered":"Empleados de Salud protestan en Hidalgo porque termina su contrato"},"content":{"rendered":"<h4>Los inconformes aseguran que al momento de atender la pandemia se les consider\u00f3 como h\u00e9roes<\/h4>\n<p>Hidalgo: La manifestaci\u00f3n de personal de salud se dio en varios municipios de Hidalgo<\/p>\n<p>Ademas en Pachuca, Ixmiquilpan, Actopan y Huejutla, trabajadores que laboraban en distintos hospitales se manifiestan.<\/p>\n<p>Ellos piden certeza respecto a su situaci\u00f3n laboral ya que fueron contratados temporalmente, con motivo de la pandemia por Covid-19.<\/p>\n<p>Por ende solo han sido notificados de que venci\u00f3 su contrato.<\/p>\n<p>Por lo que hoy jueves 30 de junio ser\u00eda su \u00faltimo d\u00eda.<\/p>\n<p>Entre el personal que exige resoluci\u00f3n a su problema se hayan m\u00e9dicos enfermeras, choferes, camilleros, trabajadores sociales, de farmacia, radi\u00f3logos, administrativos e intendencia.<\/p>\n<p>Situaci\u00f3n laboral de personal de salud de Huehuetla, se resolver\u00e1 la siguiente semana.<\/p>\n<p>En Pachuca, al menos una veintena de personas provenientes de Huehuetla se manifestaron en las instalaciones de la Secretar\u00eda de Salud (SSH).<\/p>\n<p>Mientras su titular, <a href=\"https:\/\/gobierno.hidalgo.gob.mx\/GabineteDetalle\/Alejandro%20Efra%C3%ADn%20Ben%C3%ADtez%20Herrera\">Alejandro Efra\u00edn Ben\u00edtez<\/a>, daba una conferencia.<\/p>\n<p>Sin embargo, s\u00f3lo coment\u00f3 que ser\u00e1 hasta la siguiente semana cuando pueda dar una alternativa laboral al personal.<\/p>\n<p>Tambi\u00e9n hubo bloqueos en la capital hidalguense a la altura del Hospital General de Pachuca, donde el personal manifest\u00f3 con pancartas.<\/p>\n<p>&nbsp;<\/p>\n<h4>\u201cNo somos desechables\u201d, \u201cAyer h\u00e9roes, hoy despedidos\u201d, entre otras consignas.<\/h4>\n<p>Ademas en Huejutla, unas 60 personas aseguraron que fueron despedidos injustificadamente por el director del Hospital Regional de la Huasteca.<\/p>\n<p>V\u00edctor Manuel Flores Hern\u00e1ndez, quien les habr\u00eda informado su baja de la plantilla laboral de un momento a otro, sin ninguna explicaci\u00f3n.<\/p>\n<p>En Actopan tambi\u00e9n hubo movilizaciones, pues los inconformes cerraron la carretera federal M\u00e9xico Laredo.<\/p>\n<p>Tambien en dicho tramo El Arenal-Actopan, a la altura de El Jiadhi.<\/p>\n<p>Se conoce que en Ixmiquilpan se dio la misma situaci\u00f3n, ah\u00ed los trabajadores del Hospital Regional del Valle del Mezquital protestaron tras su despido.<\/p>\n<p>En todos los casos los trabajadores del sector salud que antes se les consider\u00f3 como h\u00e9roes.<\/p>\n<p>Sin embargo y pesar de que la emergencia contin\u00faa, \u00e9stos ya no tienen una fuente de empleo.<\/p>\n<p>A decir de Alejandro Ben\u00edtez, la fuente de financiamiento de su contrataci\u00f3n es federal y la SSH administrar\u00e1 las vacantes.<\/p>\n<p>Por lo que hablar\u00eda con los funcionarios federales de salud para ofrecerles una alternativa laboral.<\/p>\n","protected":false},"excerpt":{"rendered":"<p>Los inconformes aseguran que al momento de atender la pandemia se les consider\u00f3 como h\u00e9roes Hidalgo: La manifestaci\u00f3n de personal de salud se dio en varios municipios de Hidalgo Ademas en Pachuca, Ixmiquilpan, Actopan y Huejutla, trabajadores que laboraban en distintos hospitales se manifiestan. Ellos piden certeza respecto a su situaci\u00f3n laboral ya que fueron [&hellip;]<\/p>\n","protected":false},"author":1,"featured_media":7141,"comment_status":"open","ping_status":"closed","sticky":false,"template":"","format":"standard","meta":{"footnotes":""},"categories":[7,11],"tags":[],"class_list":["post-7139","post","type-post","status-publish","format-standard","has-post-thumbnail","hentry","category-nacional","category-salud"],"_links":{"self":[{"href":"https:\/\/podernacional.com\/index.php?rest_route=\/wp\/v2\/posts\/7139","targetHints":{"allow":["GET"]}}],"collection":[{"href":"https:\/\/podernacional.com\/index.php?rest_route=\/wp\/v2\/posts"}],"about":[{"href":"https:\/\/podernacional.com\/index.php?rest_route=\/wp\/v2\/types\/post"}],"author":[{"embeddable":true,"href":"https:\/\/podernacional.com\/index.php?rest_route=\/wp\/v2\/users\/1"}],"replies":[{"embeddable":true,"href":"https:\/\/podernacional.com\/index.php?rest_route=%2Fwp%2Fv2%2Fcomments&post=7139"}],"version-history":[{"count":1,"href":"https:\/\/podernacional.com\/index.php?rest_route=\/wp\/v2\/posts\/7139\/revisions"}],"predecessor-version":[{"id":7140,"href":"https:\/\/podernacional.com\/index.php?rest_route=\/wp\/v2\/posts\/7139\/revisions\/7140"}],"wp:featuredmedia":[{"embeddable":true,"href":"https:\/\/podernacional.com\/index.php?rest_route=\/wp\/v2\/media\/7141"}],"wp:attachment":[{"href":"https:\/\/podernacional.com\/index.php?rest_route=%2Fwp%2Fv2%2Fmedia&parent=7139"}],"wp:term":[{"taxonomy":"category","embeddable":true,"href":"https:\/\/podernacional.com\/index.php?rest_route=%2Fwp%2Fv2%2Fcategories&post=7139"},{"taxonomy":"post_tag","embeddable":true,"href":"https:\/\/podernacional.com\/index.php?rest_route=%2Fwp%2Fv2%2Ftags&post=7139"}],"curies":[{"name":"wp","href":"https:\/\/api.w.org\/{rel}","templated":true}]}}