{"id":7142,"date":"2022-06-30T20:18:32","date_gmt":"2022-07-01T01:18:32","guid":{"rendered":"https:\/\/podernacional.com\/?p=7142"},"modified":"2022-07-01T01:18:33","modified_gmt":"2022-07-01T01:18:33","slug":"en-veracruz-policias-municipales-de-tuxpan-pelean-con-marinos-durante-protesta","status":"publish","type":"post","link":"https:\/\/podernacional.com\/?p=7142","title":{"rendered":"En Veracruz, polic\u00edas municipales de Tuxpan &#8216;pelean&#8217; con marinos durante protesta"},"content":{"rendered":"<h4>Los polic\u00edas realizaban una protesta donde se\u00f1alaron que llevan a\u00f1os trabajando en las mismas condiciones y con equipo obsoleto.<\/h4>\n<p>Veracruz: Algunos polic\u00edas se golpearon con elementos de la Marina.<\/p>\n<p>Polic\u00edas municipales de Tuxpan, Veracruz, se jalonearon con elementos de la Secretar\u00eda de Marina (Semar).<\/p>\n<p>Durante una manifestaci\u00f3n donde exigieron mejoras en sus condiciones de trabajo, equipo, armas y uniformes.<\/p>\n<p>Los polic\u00edas se\u00f1alaron que llevan a\u00f1os trabajando en las mismas condiciones y con equipo obsoleto, con bajos sueldos y nulas prestaciones.<\/p>\n<p>Por lo que reclamaron que est\u00e9n contratando a personal de la Marina, en vez de atender los rezagos que tiene la corporaci\u00f3n.<\/p>\n<p>La manifestaci\u00f3n de los polic\u00edas municipales de Tuxpan, para demandar mejores condiciones de trabajo, se sali\u00f3 de control.<\/p>\n<p>Por lo que tuvo que intervenir el presidente municipal, Jos\u00e9 Manuel Pozos Castro, para calmar los \u00e1nimos.<\/p>\n<p>Los polic\u00edas no est\u00e1n de acuerdo con la introducci\u00f3n del personal de la Secretar\u00eda de Marina (Semar) dentro de la corporaci\u00f3n.<\/p>\n<p>&nbsp;<\/p>\n<h4>\u00abPorque a ellos s\u00ed les pagan bien y les dan equipo\u00bb, acusan.<\/h4>\n<p>En contraste, ellos tienen a\u00f1os con las mismas herramientas de trabajo, el uniforme que usan ellos los han comprado.<\/p>\n<p>Al igual que las botas y los cartuchos que utilizan, pues s\u00f3lo les proporcionan 7 municiones por cada elemento.<\/p>\n<p>El alcalde habl\u00f3 con los polic\u00edas municipales, quienes se comprometieron a trabajar con responsabilidad y compromiso para servir a la sociedad.<\/p>\n<p>Prometi\u00f3 que un plazo de siete a 10 d\u00edas se habr\u00e1 de analizar y determinar la factibilidad de una mejora salarial.<\/p>\n<p>Ademas de que atender\u00e1 el tema de los nuevos uniformes y otros puntos m\u00e1s que plantearon los elementos polic\u00edacos.<\/p>\n<p>Dijo que los elementos de la Secretar\u00eda de Marina vienen a reforzar la seguridad como resultado de un convenio.<\/p>\n<p>Ademas de\u00a0la gran coordinaci\u00f3n que existe con los tres niveles de gobierno, lo que tambi\u00e9n ha permitido el respaldo de Sedena y Guardia Nacional.<\/p>\n<p>El edil morenista asegur\u00f3 que los elementos que cumplan y trabajen con honestidad, podr\u00e1n seguir trabajando en la corporaci\u00f3n.<\/p>\n","protected":false},"excerpt":{"rendered":"<p>Los polic\u00edas realizaban una protesta donde se\u00f1alaron que llevan a\u00f1os trabajando en las mismas condiciones y con equipo obsoleto. Veracruz: Algunos polic\u00edas se golpearon con elementos de la Marina. Polic\u00edas municipales de Tuxpan, Veracruz, se jalonearon con elementos de la Secretar\u00eda de Marina (Semar). Durante una manifestaci\u00f3n donde exigieron mejoras en sus condiciones de trabajo, [&hellip;]<\/p>\n","protected":false},"author":1,"featured_media":7144,"comment_status":"open","ping_status":"closed","sticky":false,"template":"","format":"standard","meta":{"footnotes":""},"categories":[7,8],"tags":[],"class_list":["post-7142","post","type-post","status-publish","format-standard","has-post-thumbnail","hentry","category-nacional","category-policia"],"_links":{"self":[{"href":"https:\/\/podernacional.com\/index.php?rest_route=\/wp\/v2\/posts\/7142","targetHints":{"allow":["GET"]}}],"collection":[{"href":"https:\/\/podernacional.com\/index.php?rest_route=\/wp\/v2\/posts"}],"about":[{"href":"https:\/\/podernacional.com\/index.php?rest_route=\/wp\/v2\/types\/post"}],"author":[{"embeddable":true,"href":"https:\/\/podernacional.com\/index.php?rest_route=\/wp\/v2\/users\/1"}],"replies":[{"embeddable":true,"href":"https:\/\/podernacional.com\/index.php?rest_route=%2Fwp%2Fv2%2Fcomments&post=7142"}],"version-history":[{"count":1,"href":"https:\/\/podernacional.com\/index.php?rest_route=\/wp\/v2\/posts\/7142\/revisions"}],"predecessor-version":[{"id":7143,"href":"https:\/\/podernacional.com\/index.php?rest_route=\/wp\/v2\/posts\/7142\/revisions\/7143"}],"wp:featuredmedia":[{"embeddable":true,"href":"https:\/\/podernacional.com\/index.php?rest_route=\/wp\/v2\/media\/7144"}],"wp:attachment":[{"href":"https:\/\/podernacional.com\/index.php?rest_route=%2Fwp%2Fv2%2Fmedia&parent=7142"}],"wp:term":[{"taxonomy":"category","embeddable":true,"href":"https:\/\/podernacional.com\/index.php?rest_route=%2Fwp%2Fv2%2Fcategories&post=7142"},{"taxonomy":"post_tag","embeddable":true,"href":"https:\/\/podernacional.com\/index.php?rest_route=%2Fwp%2Fv2%2Ftags&post=7142"}],"curies":[{"name":"wp","href":"https:\/\/api.w.org\/{rel}","templated":true}]}}