{"id":7157,"date":"2022-07-01T19:08:47","date_gmt":"2022-07-02T00:08:47","guid":{"rendered":"https:\/\/podernacional.com\/?p=7157"},"modified":"2022-07-02T00:08:50","modified_gmt":"2022-07-02T00:08:50","slug":"la-fundacion-bbva-mexico-y-la-secretaria-de-cultura-de-michoacan-secum-presentan-tesauro","status":"publish","type":"post","link":"https:\/\/podernacional.com\/?p=7157","title":{"rendered":"La Fundaci\u00f3n BBVA M\u00e9xico y la Secretar\u00eda de Cultura de Michoac\u00e1n (SECUM), presentan \u201cTesauro\u201d."},"content":{"rendered":"<h4>\u201cSeis t\u00e9rminos en la pintura del siglo XX\u201d, una propuesta expositiva con piezas de la Colecci\u00f3n BBVA y la curadur\u00eda de Daniel Garza Usabiaga.<\/h4>\n<p>\u201cTesauro\u201d: Esta muestra tiene el antecedente de un tesauro, comienza como una colecci\u00f3n de t\u00e9rminos, de diccionario o lista.<\/p>\n<p>De cada uno se desprenden descriptores, muchas veces sin\u00f3nimos que buscan exponer distintas perspectivas para entender un concepto.<\/p>\n<p>Ademas de\u00a0sugerir asociaciones o conceptos relacionados.<\/p>\n<p>Es una exposici\u00f3n sin una secuencia determinada presentada en sala alfab\u00e9ticamente. Los t\u00f3picos que componen la muestra son:<\/p>\n<p>\u201cAnimales\u201d, \u201carte antiguo americano\u201d, \u201cartes populares\u201d, \u201cflores\u201d, \u201chombre y masculinidad\u201d y \u201cpaisaje\u201d.<\/p>\n<p>Dentro de estas seis l\u00edneas tem\u00e1ticas se observan motivos como el retrato, el paisaje o la naturaleza muerta, as\u00ed como la historia de la pintura en el pa\u00eds durante el siglo pasado.<\/p>\n<h4>EXPOSICIONES<\/h4>\n<p>\u201cTesauro\u201d re\u00fane obras de grandes artistas, entre los que destacan:<\/p>\n<p>David Alfaro Siqueiros, Francisco Toledo, Gunther Gerzso, Helen Escobedo, Joy Laville, Juan Soriano, Leonora Carrington, Manuel Felgu\u00e9rez, Miguel Castro Le\u00f1ero, Pedro Coronel.<\/p>\n<p>Ademas de\u00a0Roberto Montenegro y Rufino Tamayo, entre otros.<\/p>\n<p>Quienes completan un acervo de 81 obras que comprenden:<\/p>\n<p>50 pinturas, 24 obras gr\u00e1ficas, cuatro esculturas, dos obras de arte objeto, y una fotograf\u00eda, expresiones de 53 artistas: 12 mujeres y 41 hombres.<\/p>\n<p>Durante el evento, la Presidenta Honoraria del Sistema para el Desarrollo Integral de la Familia (DIF) en Michoac\u00e1n, Grisel Tello Pimentel.<\/p>\n<p>Mencion\u00f3 que el arte, la cultura y todas las expresiones art\u00edsticas hace que se funcione como sociedad:<\/p>\n<p>\u201cNos da un tremendo orgullo que el Centro Cultural Clavijero albergue a tantos artistas y exposiciones \u00a0y el d\u00eda de hoy, una\u00a0es Tesauro\u201d.<\/p>\n<p>&nbsp;<\/p>\n<h4>Por su parte, la Secretaria de Cultura, en Michoac\u00e1n, Gabriela Molina Aguilar.<\/h4>\n<p>Resalt\u00f3 que el Centro Cultural Clavijero y en s\u00ed, Michoac\u00e1n, es un lugar de destino de grandes exposiciones.<\/p>\n<p>\u201cEs muy interesante que podamos albergar y reiterar esa gran vocaci\u00f3n que tiene el recinto\u201d, destac\u00f3.<\/p>\n<p>\u00abLa Fundaci\u00f3n BBVA M\u00e9xico tiene el compromiso de promover e impulsar el desarrollo art\u00edstico y cultural del pa\u00eds\u00bb<\/p>\n<p>Por su parte, Gabriela Vel\u00e1squez Robinson, directora de Fomento Cultural de la Fundaci\u00f3n BBVA M\u00e9xico, destac\u00f3 que:<\/p>\n<p>Desde hace m\u00e1s de 30 a\u00f1os la instituci\u00f3n tiene el compromiso con la sociedad mexicana de promover e impulsar el desarrollo art\u00edstico y cultural del pa\u00eds.<\/p>\n<p>\u201cNos dimos a la tarea de curar una muestra a partir de una selecci\u00f3n de obras del acervo art\u00edstico con el que cuenta el banco\u201d.<\/p>\n<p>\u201cAs\u00ed como\u00a0proponer un discurso que permita a los visitantes tener una fresca perspectiva de la obra producida en M\u00e9xico durante el siglo XX.\u201d<\/p>\n<p>La selecci\u00f3n de temas que comprenden esta suerte de tesauro, tambi\u00e9n se prestan para exponer problem\u00e1ticas m\u00e1s amplias.<\/p>\n<p>Que escapan el dominio del arte y se vinculan con discusiones vigentes y necesarias relacionadas con el medio ambiente y el mundo natural.<\/p>\n<p>&nbsp;<\/p>\n<h4>Por ende, la construcci\u00f3n de la identidad y la relaci\u00f3n con las culturas originarias.<\/h4>\n<p>Emplear este modelo permite que el proyecto -que incluye una publicaci\u00f3n- presente distintas ideas sobre pintura, de manera m\u00e1s concreta.<\/p>\n<p>Sobre la producida en M\u00e9xico durante el siglo pasado a partir del notable acervo de la Colecci\u00f3n BBVA M\u00e9xico.<\/p>\n<p>El trabajo de Claudia Garay, C\u00e9sar Jer\u00f3nimo Gonz\u00e1lez, Elba Peniche, Sandra S\u00e1nchez, Susana Vargas y Mireida Vel\u00e1zquez enriqueci\u00f3 los contenidos de esta muestra expositiva.<\/p>\n<p>Esta muestra itinerante inici\u00f3 su recorrido en el Museo de Aguascalientes del 17 de febrero hasta el 22 de mayo.<\/p>\n<p>A partir del 30 de junio al 2 de octubre, el Centro Cultural Clavijero (CCC), en el estado de Michoac\u00e1n, albergar\u00e1 esta exposici\u00f3n.A<\/p>\n<p>Ademas de que\u00a0una vez concluida su estancia, continuar\u00e1 su recorrido en el Centro Cultural Tijuana (CECUT), en Tijuana, del 22\/10 \u00a0a\u00a0Febrero de 2023.<\/p>\n","protected":false},"excerpt":{"rendered":"<p>\u201cSeis t\u00e9rminos en la pintura del siglo XX\u201d, una propuesta expositiva con piezas de la Colecci\u00f3n BBVA y la curadur\u00eda de Daniel Garza Usabiaga. \u201cTesauro\u201d: Esta muestra tiene el antecedente de un tesauro, comienza como una colecci\u00f3n de t\u00e9rminos, de diccionario o lista. De cada uno se desprenden descriptores, muchas veces sin\u00f3nimos que buscan exponer [&hellip;]<\/p>\n","protected":false},"author":1,"featured_media":7159,"comment_status":"open","ping_status":"closed","sticky":false,"template":"","format":"standard","meta":{"footnotes":""},"categories":[2,5],"tags":[],"class_list":["post-7157","post","type-post","status-publish","format-standard","has-post-thumbnail","hentry","category-cultural","category-internacional"],"_links":{"self":[{"href":"https:\/\/podernacional.com\/index.php?rest_route=\/wp\/v2\/posts\/7157","targetHints":{"allow":["GET"]}}],"collection":[{"href":"https:\/\/podernacional.com\/index.php?rest_route=\/wp\/v2\/posts"}],"about":[{"href":"https:\/\/podernacional.com\/index.php?rest_route=\/wp\/v2\/types\/post"}],"author":[{"embeddable":true,"href":"https:\/\/podernacional.com\/index.php?rest_route=\/wp\/v2\/users\/1"}],"replies":[{"embeddable":true,"href":"https:\/\/podernacional.com\/index.php?rest_route=%2Fwp%2Fv2%2Fcomments&post=7157"}],"version-history":[{"count":1,"href":"https:\/\/podernacional.com\/index.php?rest_route=\/wp\/v2\/posts\/7157\/revisions"}],"predecessor-version":[{"id":7158,"href":"https:\/\/podernacional.com\/index.php?rest_route=\/wp\/v2\/posts\/7157\/revisions\/7158"}],"wp:featuredmedia":[{"embeddable":true,"href":"https:\/\/podernacional.com\/index.php?rest_route=\/wp\/v2\/media\/7159"}],"wp:attachment":[{"href":"https:\/\/podernacional.com\/index.php?rest_route=%2Fwp%2Fv2%2Fmedia&parent=7157"}],"wp:term":[{"taxonomy":"category","embeddable":true,"href":"https:\/\/podernacional.com\/index.php?rest_route=%2Fwp%2Fv2%2Fcategories&post=7157"},{"taxonomy":"post_tag","embeddable":true,"href":"https:\/\/podernacional.com\/index.php?rest_route=%2Fwp%2Fv2%2Ftags&post=7157"}],"curies":[{"name":"wp","href":"https:\/\/api.w.org\/{rel}","templated":true}]}}