{"id":7178,"date":"2022-07-01T20:27:21","date_gmt":"2022-07-02T01:27:21","guid":{"rendered":"https:\/\/podernacional.com\/?p=7178"},"modified":"2022-07-02T01:27:23","modified_gmt":"2022-07-02T01:27:23","slug":"politica-nacional-de-datos-abiertos-se-aplicara-en-mexico","status":"publish","type":"post","link":"https:\/\/podernacional.com\/?p=7178","title":{"rendered":"Pol\u00edtica Nacional de Datos Abiertos se aplicar\u00e1 en M\u00e9xico"},"content":{"rendered":"<h4>El Instituto Nacional de Transparencia, Acceso a la Informaci\u00f3n y Protecci\u00f3n de Datos Personales (INAI) anunci\u00f3 que:<\/h4>\n<p>Pol\u00edtica Nacional de Datos Abiertos: Las aportaciones de la sociedad civil organizada, expertos, acad\u00e9micos y autoridades.<\/p>\n<p>Generar\u00e1n que a principios del pr\u00f3ximo a\u00f1o el pa\u00eds cuente con una Pol\u00edtica Nacional de Datos Abiertos.<\/p>\n<p>El Comisionado del (INAI), Adri\u00e1n Alcal\u00e1 M\u00e9ndez, inaugur\u00f3 los trabajos de la 2\u00aa Edici\u00f3n de la Conferencia Nacional de Datos Abiertos (DATACON) 2022.<\/p>\n<p>A\u00a0celebrarse en la semana del 27 de junio al 01 de julio de 2022, en el estado de Quintana Roo.<\/p>\n<p>En el INAI estamos convencidos, igual que los integrantes del Sistema Nacional de Transparencia.<\/p>\n<p>Las pol\u00edticas p\u00fablicas deben ser construidas ya no desde los escritorios de los servidores p\u00fablicos, sino en colaboraci\u00f3n y cocreaci\u00f3n con la sociedad civil.<\/p>\n<p>Ademas de con los usuarios, para poder conocer cu\u00e1les datos se van a abrir y en d\u00f3nde se alojar\u00e1n.<\/p>\n<p>Solamente as\u00ed podremos tener eficacia y eficiencia con esta pol\u00edtica p\u00fablica que, dicho sea de paso, es una gran deuda que tenemos con nuestro pa\u00eds.<\/p>\n<p>En su mensaje, la Comisionada Presidenta, Blanca Lilia Ibarra Cadena, se\u00f1al\u00f3 que el INAI ha impulsado diversas acciones.<\/p>\n<p>Para la construcci\u00f3n de una Pol\u00edtica Nacional de Datos Abiertos, como lo es la iniciativa Abramos M\u00e9xico, lanzada en febrero pasado.<\/p>\n<p>Ademas\u00a0conformada por un grupo de instituciones, que trabaja en una propuesta de dicha pol\u00edtica.<\/p>\n<p>Con la visi\u00f3n de que sea adoptada por los sujetos obligados de los tres niveles de gobierno.<\/p>\n<p>Por otra parte, el Secretario de Contralor\u00eda del Estado, Rafael del Pozo Dergal, en representaci\u00f3n del Gobernador del Estado.<\/p>\n<p>Dej\u00f3 claro que los datos generados por las instituciones p\u00fablicas no pertenecen al gobierno sino a la ciudadan\u00eda.<\/p>\n<p>&nbsp;<\/p>\n<h4>Por lo que se tiene la responsabilidad de volverlos accesibles.<\/h4>\n<p>Pues \u201cah\u00ed hay informaci\u00f3n relevante que puede utilizarse para la toma de decisiones por parte del sector p\u00fablico y de los ciudadanos\u201d.<\/p>\n<p>\u201cAdem\u00e1s puede tener valor agregado para la actividad econ\u00f3mica\u201d.<\/p>\n<p>Al termino de la conferencia el Comisionado Presidente del IDAIPQROO, Jos\u00e9 Orlando Espinosa Rodr\u00edguez, destac\u00f3:<\/p>\n<p>La relevancia de la DATACON en el estado, porque actualmente atraviesa por un momento en el que hay una suma de voluntades trabajando.<\/p>\n<p>Ademas de estar\u00a0tratando de avanzar en el camino del Estado abierto, la justicia abierta y el gobierno abierto.<\/p>\n<p>Quintana Roo es uno de los estados que m\u00e1s avance tiene en el tema de gobierno abierto a nivel nacional.<\/p>\n<p>Estamos trabajando para consolidar todo lo que son las pol\u00edticas de Estado abierto.<\/p>\n<p>La DATACON 2022 es convocada por el INAI, la organizaci\u00f3n Codeando M\u00e9xico y los \u00f3rganos garantes de Nuevo Le\u00f3n, Jalisco y Quintana Roo.<\/p>\n<p>Con el prop\u00f3sito de intercambiar experiencias y buenas pr\u00e1cticas en materia de datos abiertos por parte de los distintos sectores.<\/p>\n<p>Se busca identificar los componentes que podr\u00edan contribuir al proceso de construcci\u00f3n de la Pol\u00edtica Nacional en la materia.<\/p>\n","protected":false},"excerpt":{"rendered":"<p>El Instituto Nacional de Transparencia, Acceso a la Informaci\u00f3n y Protecci\u00f3n de Datos Personales (INAI) anunci\u00f3 que: Pol\u00edtica Nacional de Datos Abiertos: Las aportaciones de la sociedad civil organizada, expertos, acad\u00e9micos y autoridades. Generar\u00e1n que a principios del pr\u00f3ximo a\u00f1o el pa\u00eds cuente con una Pol\u00edtica Nacional de Datos Abiertos. El Comisionado del (INAI), Adri\u00e1n [&hellip;]<\/p>\n","protected":false},"author":1,"featured_media":7180,"comment_status":"open","ping_status":"closed","sticky":false,"template":"","format":"standard","meta":{"footnotes":""},"categories":[7,9],"tags":[],"class_list":["post-7178","post","type-post","status-publish","format-standard","has-post-thumbnail","hentry","category-nacional","category-politica"],"_links":{"self":[{"href":"https:\/\/podernacional.com\/index.php?rest_route=\/wp\/v2\/posts\/7178","targetHints":{"allow":["GET"]}}],"collection":[{"href":"https:\/\/podernacional.com\/index.php?rest_route=\/wp\/v2\/posts"}],"about":[{"href":"https:\/\/podernacional.com\/index.php?rest_route=\/wp\/v2\/types\/post"}],"author":[{"embeddable":true,"href":"https:\/\/podernacional.com\/index.php?rest_route=\/wp\/v2\/users\/1"}],"replies":[{"embeddable":true,"href":"https:\/\/podernacional.com\/index.php?rest_route=%2Fwp%2Fv2%2Fcomments&post=7178"}],"version-history":[{"count":1,"href":"https:\/\/podernacional.com\/index.php?rest_route=\/wp\/v2\/posts\/7178\/revisions"}],"predecessor-version":[{"id":7179,"href":"https:\/\/podernacional.com\/index.php?rest_route=\/wp\/v2\/posts\/7178\/revisions\/7179"}],"wp:featuredmedia":[{"embeddable":true,"href":"https:\/\/podernacional.com\/index.php?rest_route=\/wp\/v2\/media\/7180"}],"wp:attachment":[{"href":"https:\/\/podernacional.com\/index.php?rest_route=%2Fwp%2Fv2%2Fmedia&parent=7178"}],"wp:term":[{"taxonomy":"category","embeddable":true,"href":"https:\/\/podernacional.com\/index.php?rest_route=%2Fwp%2Fv2%2Fcategories&post=7178"},{"taxonomy":"post_tag","embeddable":true,"href":"https:\/\/podernacional.com\/index.php?rest_route=%2Fwp%2Fv2%2Ftags&post=7178"}],"curies":[{"name":"wp","href":"https:\/\/api.w.org\/{rel}","templated":true}]}}