{"id":7190,"date":"2022-07-02T18:40:08","date_gmt":"2022-07-02T23:40:08","guid":{"rendered":"https:\/\/podernacional.com\/?p=7190"},"modified":"2022-07-02T23:40:09","modified_gmt":"2022-07-02T23:40:09","slug":"arranca-en-coahuila-con-gran-con-exito-xxvi-festival-internacional-de-guitarra-de-mexico","status":"publish","type":"post","link":"https:\/\/podernacional.com\/?p=7190","title":{"rendered":"Arranca en Coahuila, con gran con \u00e9xito, XXVI Festival Internacional de Guitarra de M\u00e9xico"},"content":{"rendered":"<h4>Con gran \u00e9xito dio inicio en Coahuila el XXVI Festival Internacional de Guitarra de M\u00e9xico, en el que participan grandes exponentes nacionales e internacionales.<\/h4>\n<p>Coahuila: Son 34 invitados con los que cuenta este importante festival, tanto locales como nacionales y extranjeros.<\/p>\n<p>Lo anterior fue comentado por el maestro fundador del FIG, <a href=\"https:\/\/festivalcervantino.gob.mx\/actividad\/382\/guitarra-clasica\">Mart\u00edn Madrigal<\/a>, quien dijo:<\/p>\n<p>\u201cEste es un encuentro guitarr\u00edstico de los m\u00e1s importantes de M\u00e9xico y uno de los cinco m\u00e1s relevantes del mundo\u201d.<\/p>\n<p>M\u00fasicos provenientes de Argentina, Francia, Cuba, Jap\u00f3n, Espa\u00f1a, Ciudad de M\u00e9xico y del Estado de Nuevo Le\u00f3n.<\/p>\n<p>Presentar\u00e1n sus conciertos y adem\u00e1s ofrecer\u00e1n clases magistrales a j\u00f3venes en etapa de formaci\u00f3n.<\/p>\n<p>As\u00ed como conferencistas y talleristas de diversas entidades del Pa\u00eds.<\/p>\n<p>El Festival presenta 12 conciertos de diversos g\u00e9neros musicales y 3 conferencias magistrales dirigidas a todo el p\u00fablico.<\/p>\n<p>Adem\u00e1s de 2 talleres de mantenimiento de guitarra y 10 clases magistrales para ejecutantes de guitarra con conocimientos previos en m\u00fasica y ejecuci\u00f3n del instrumento.<\/p>\n<p>&nbsp;<\/p>\n<h4>El primer concierto, que se present\u00f3 en el Teatro Garc\u00eda Carrillo de esta ciudad.<\/h4>\n<p>Fue el Ensamble de Guitarra de C\u00e1mara, formado por cinco talentosos m\u00fasicos que presentaron \u201cFantas\u00eda Rock\u201d, una serie de arreglos que los guitarristas.<\/p>\n<p>En forma ac\u00fastica para guitarra, presentaron de algunas de las melod\u00edas m\u00e1s populares de grupos ic\u00f3nicos de rock como Beatles, Queen, Eagles,\u00a0entre otros.<\/p>\n<p>Posteriormente, en el mismo Teatro Garc\u00eda Carrillo se present\u00f3, para deleite de los asistentes, Michael Metatr\u00f3n y el ensamble \u201cEntre Amigos\u201d.<\/p>\n<p>Para los amantes de Jazz, H\u00e9ctor Z\u00e1rate y Experimentrio se presentan este viernes a las 20:30 horas.<\/p>\n<p>Para ma\u00f1ana s\u00e1bado a las 20:30 horas en el Teatro Fernando Soler se tendr\u00e1 la presentaci\u00f3n der Paisaje Cubano, con Leo Brouwer.<\/p>\n<p>Ademas del\u00a0Concierto Mexicano de Guillermo Diego, que estar\u00e1 a cargo de los guitarristas Rodrigo Alvarado y \u00d3scar D\u00e1vila, acompa\u00f1ados por la Orquesta Filarm\u00f3nica.<\/p>\n<p>Entre los artistas m\u00e1s destacados que participar\u00e1n en el FIG se encuentran el compositor M\u00e1ximo Diego Pujol.<\/p>\n<p>El s\u00edmbolo de la guitarra espa\u00f1ola \u00c1ngel Romero.<\/p>\n<p>El ensamble de m\u00fasica contempor\u00e1nea de Francia Itin\u00e9raire, que acompa\u00f1ar\u00e1 al neoleon\u00e9s Bertrand Chavarr\u00eda-Aldrete.<\/p>\n<p>Tambi\u00e9n el ya consolidado artista mexicano Pablo Garibay, entre otros.<\/p>\n","protected":false},"excerpt":{"rendered":"<p>Con gran \u00e9xito dio inicio en Coahuila el XXVI Festival Internacional de Guitarra de M\u00e9xico, en el que participan grandes exponentes nacionales e internacionales. Coahuila: Son 34 invitados con los que cuenta este importante festival, tanto locales como nacionales y extranjeros. Lo anterior fue comentado por el maestro fundador del FIG, Mart\u00edn Madrigal, quien dijo: [&hellip;]<\/p>\n","protected":false},"author":1,"featured_media":7192,"comment_status":"open","ping_status":"closed","sticky":false,"template":"","format":"standard","meta":{"footnotes":""},"categories":[2,7],"tags":[],"class_list":["post-7190","post","type-post","status-publish","format-standard","has-post-thumbnail","hentry","category-cultural","category-nacional"],"_links":{"self":[{"href":"https:\/\/podernacional.com\/index.php?rest_route=\/wp\/v2\/posts\/7190","targetHints":{"allow":["GET"]}}],"collection":[{"href":"https:\/\/podernacional.com\/index.php?rest_route=\/wp\/v2\/posts"}],"about":[{"href":"https:\/\/podernacional.com\/index.php?rest_route=\/wp\/v2\/types\/post"}],"author":[{"embeddable":true,"href":"https:\/\/podernacional.com\/index.php?rest_route=\/wp\/v2\/users\/1"}],"replies":[{"embeddable":true,"href":"https:\/\/podernacional.com\/index.php?rest_route=%2Fwp%2Fv2%2Fcomments&post=7190"}],"version-history":[{"count":1,"href":"https:\/\/podernacional.com\/index.php?rest_route=\/wp\/v2\/posts\/7190\/revisions"}],"predecessor-version":[{"id":7191,"href":"https:\/\/podernacional.com\/index.php?rest_route=\/wp\/v2\/posts\/7190\/revisions\/7191"}],"wp:featuredmedia":[{"embeddable":true,"href":"https:\/\/podernacional.com\/index.php?rest_route=\/wp\/v2\/media\/7192"}],"wp:attachment":[{"href":"https:\/\/podernacional.com\/index.php?rest_route=%2Fwp%2Fv2%2Fmedia&parent=7190"}],"wp:term":[{"taxonomy":"category","embeddable":true,"href":"https:\/\/podernacional.com\/index.php?rest_route=%2Fwp%2Fv2%2Fcategories&post=7190"},{"taxonomy":"post_tag","embeddable":true,"href":"https:\/\/podernacional.com\/index.php?rest_route=%2Fwp%2Fv2%2Ftags&post=7190"}],"curies":[{"name":"wp","href":"https:\/\/api.w.org\/{rel}","templated":true}]}}