{"id":7195,"date":"2022-07-02T18:59:52","date_gmt":"2022-07-02T23:59:52","guid":{"rendered":"https:\/\/podernacional.com\/?p=7195"},"modified":"2022-07-02T23:59:53","modified_gmt":"2022-07-02T23:59:53","slug":"famosos-lamentan-la-muerte-de-susana-dosamantes-actriz-y-mama-de-paulina-rubio","status":"publish","type":"post","link":"https:\/\/podernacional.com\/?p=7195","title":{"rendered":"Famosos lamentan la muerte de Susana Dosamantes, actriz y mam\u00e1 de Paulina Rubio"},"content":{"rendered":"<h4>Personalidades de la far\u00e1ndula expresaron sus condolencias a la familia de la actriz mexicana.<\/h4>\n<p>Famosos: La actriz Susana Dosamantes falleci\u00f3 a los 74 a\u00f1os de edad, tras varios meses de tratamiento contra el c\u00e1ncer de p\u00e1ncreas.<\/p>\n<p>En abril de este a\u00f1o, la mam\u00e1 de Paulina Rubio fue internada en un hospital de Miami para tratar el padecimiento.<\/p>\n<p>Recientemente, la \u2018Chica Dorada\u2019 hab\u00eda comentado en un evento que se encontraba en una situaci\u00f3n familiar complicada.<\/p>\n<p>Adem\u00e1s, en redes sociales pidi\u00f3 a sus fans que orar\u00e1n por la recuperaci\u00f3n de su madre.<\/p>\n<p>La cantante de \u2018Ni una sola palabra\u2019 hab\u00eda escrito un mensaje en el que daba \u00e1nimos a su madre a la distancia.<\/p>\n<p>\u201cMamita, mujer fuerte, as\u00ed me lo demuestras desde que nac\u00ed. Siempre c\u00e1lida, de car\u00e1cter \u00edntegro y con una personalidad imponente\u201d.<\/p>\n<p>\u201cNada jam\u00e1s te detiene. Juntas saldremos adelante, mi Fe en tu pronta recuperaci\u00f3n es inquebrantable\u201d, escribi\u00f3.<\/p>\n<p>Fue a trav\u00e9s de medios especializados en el mundo de los espect\u00e1culos que se dio a conocer la lamentable noticia.<\/p>\n<p>De inmediato, colegas, actores, conductores, entre otras personalidades de la far\u00e1ndula en M\u00e9xico.<\/p>\n<p>&nbsp;<\/p>\n<h4>Expresaron el p\u00e9same a la familia de Dosamantes a trav\u00e9s de sus redes sociales.<\/h4>\n<p>La conductora Paty Chapoy coment\u00f3 en su cuenta de Twitter que la noticia le provocaba mucha tristeza.<\/p>\n<p>As\u00ed mismo\u00a0envi\u00f3 el p\u00e9same a Paulina Rubio y su hermano Enrique.<\/p>\n<p>El periodista Jenaro Villamil record\u00f3 la trayectoria de la Susana en la telenovela Coraz\u00f3n Salvaje, dirigida por Ernesto Alonso, y comparti\u00f3 sus condolencias.<\/p>\n<p>Erika Buenfil tambi\u00e9n escribi\u00f3 en su perfil de Twitter un mensaje de p\u00e9same en el que arrob\u00f3 a Paulina Rubio.<\/p>\n<p>Por su parte, el conductor Horacio Villalobos se uni\u00f3 a la despedida con un breve mensaje \u201cDescanse en paz Susana Dosamantes\u201d.<\/p>\n<p>El periodista y conductor de noticiario, Joaqu\u00edn L\u00f3pez D\u00f3riga, mencion\u00f3 en su perfil de Twitter el triste acontecimiento.<\/p>\n<p>Famosos como Juan Osorio, productor de telenovelas mexicanas, tambi\u00e9n sum\u00f3 su p\u00e9same.<\/p>\n<p>Ademas de que\u00a0mencion\u00f3 la importancia de la carrera de Susana en el medio de la actuaci\u00f3n en M\u00e9xico.<\/p>\n","protected":false},"excerpt":{"rendered":"<p>Personalidades de la far\u00e1ndula expresaron sus condolencias a la familia de la actriz mexicana. Famosos: La actriz Susana Dosamantes falleci\u00f3 a los 74 a\u00f1os de edad, tras varios meses de tratamiento contra el c\u00e1ncer de p\u00e1ncreas. En abril de este a\u00f1o, la mam\u00e1 de Paulina Rubio fue internada en un hospital de Miami para tratar [&hellip;]<\/p>\n","protected":false},"author":1,"featured_media":7197,"comment_status":"open","ping_status":"closed","sticky":false,"template":"","format":"standard","meta":{"footnotes":""},"categories":[4,7],"tags":[],"class_list":["post-7195","post","type-post","status-publish","format-standard","has-post-thumbnail","hentry","category-espectaculos","category-nacional"],"_links":{"self":[{"href":"https:\/\/podernacional.com\/index.php?rest_route=\/wp\/v2\/posts\/7195","targetHints":{"allow":["GET"]}}],"collection":[{"href":"https:\/\/podernacional.com\/index.php?rest_route=\/wp\/v2\/posts"}],"about":[{"href":"https:\/\/podernacional.com\/index.php?rest_route=\/wp\/v2\/types\/post"}],"author":[{"embeddable":true,"href":"https:\/\/podernacional.com\/index.php?rest_route=\/wp\/v2\/users\/1"}],"replies":[{"embeddable":true,"href":"https:\/\/podernacional.com\/index.php?rest_route=%2Fwp%2Fv2%2Fcomments&post=7195"}],"version-history":[{"count":1,"href":"https:\/\/podernacional.com\/index.php?rest_route=\/wp\/v2\/posts\/7195\/revisions"}],"predecessor-version":[{"id":7196,"href":"https:\/\/podernacional.com\/index.php?rest_route=\/wp\/v2\/posts\/7195\/revisions\/7196"}],"wp:featuredmedia":[{"embeddable":true,"href":"https:\/\/podernacional.com\/index.php?rest_route=\/wp\/v2\/media\/7197"}],"wp:attachment":[{"href":"https:\/\/podernacional.com\/index.php?rest_route=%2Fwp%2Fv2%2Fmedia&parent=7195"}],"wp:term":[{"taxonomy":"category","embeddable":true,"href":"https:\/\/podernacional.com\/index.php?rest_route=%2Fwp%2Fv2%2Fcategories&post=7195"},{"taxonomy":"post_tag","embeddable":true,"href":"https:\/\/podernacional.com\/index.php?rest_route=%2Fwp%2Fv2%2Ftags&post=7195"}],"curies":[{"name":"wp","href":"https:\/\/api.w.org\/{rel}","templated":true}]}}