{"id":7198,"date":"2022-07-02T19:04:43","date_gmt":"2022-07-03T00:04:43","guid":{"rendered":"https:\/\/podernacional.com\/?p=7198"},"modified":"2022-07-03T00:04:44","modified_gmt":"2022-07-03T00:04:44","slug":"el-dia-internacional-del-ovni","status":"publish","type":"post","link":"https:\/\/podernacional.com\/?p=7198","title":{"rendered":"El D\u00eda Internacional del OVNI."},"content":{"rendered":"<h4>Hoy se conmemora algo que no sabemos si existe, pero que es algo de culto para muchos:<\/h4>\n<p>OVNI: El incidente de Roswell, ocurrido en 1947, es el culpable de esta jornada<\/p>\n<p>Son ya 75 a\u00f1os desde que existe esta jornada, aunque no fue hasta el a\u00f1o 2001 cuando se estableci\u00f3 como fecha oficial.<\/p>\n<p>\u00bfPor qu\u00e9 se eligi\u00f3 el 2 de julio?<\/p>\n<p>El porqu\u00e9 de la elecci\u00f3n de este d\u00eda como el\u00a0D\u00eda Mundial del OVNI,\u00a0tiene que ver con un hecho que sucedi\u00f3 hace 75 a\u00f1os.<\/p>\n<p>Conocido como\u00a0el incidente de Roswell, ocurrido en 1947.<\/p>\n<p>Aquel d\u00eda, varias personas dijeron ver una\u00a0nave espacial estrell\u00e1ndose en el desierto de Nuevo M\u00e9xico.<\/p>\n<p>Pero el ej\u00e9rcito de Estados Unidos afirm\u00f3 que simplemente se trataba de un globo meteorol\u00f3gico.<\/p>\n<p>En 1953 se cre\u00f3 el t\u00e9rmino OVNI, para los objetos voladores no identificados, alimentado aquella leyenda ocurrida en Nuevo M\u00e9xico en 1947.<\/p>\n<p>Evento que muchos todav\u00eda creen que fue escondido por el gobierno estadounidense.<\/p>\n<p>Estados Unidos no descarta la existencia de OVNIs<\/p>\n<p>En el mes de mayo se celebr\u00f3 la primera audiencia p\u00fablica del Congreso de Estados Unidos sobre avistamientos de OVNIs.<\/p>\n<p>&nbsp;<\/p>\n<h4>Algo que no hab\u00eda ocurrido en m\u00e1s de 50 a\u00f1os.<\/h4>\n<p>Con la certeza de que ha habido avistamientos o encuentros con ellos\u00a0por un total de 144 pilotos estadounidenses.<\/p>\n<p>Dos altos oficiales militares que fueron los encargados de investigar los avistamientos dijeron que, en \u00faltima instancia, se puede identificar a la mayor\u00eda.<\/p>\n<p>Los avistamientos registrados por los militares\u00a0incluyen 11 \u00abcasi accidentes\u00bb con aviones estadounidenses.<\/p>\n<p>\u00abHay un peque\u00f1o pu\u00f1ado de eventos en los que hay caracter\u00edsticas de vuelo o gesti\u00f3n de firmas que no podemos explicar\u201d.<\/p>\n<p>\u201cCon los datos que tenemos disponibles\u00a0no se puede hallar una explicaci\u00f3n\u00bb, dijo Scott Bray, subdirector de inteligencia naval.<\/p>\n<p>\u00abEsos son obviamente los que m\u00e1s nos interesan\u00bb.<\/p>\n<p>En la actualidad.<\/p>\n<p>Estados Unidos reconoce la existencia de los OVNIs y analiza los avistamientos desde hace 50 a\u00f1os<\/p>\n","protected":false},"excerpt":{"rendered":"<p>Hoy se conmemora algo que no sabemos si existe, pero que es algo de culto para muchos: OVNI: El incidente de Roswell, ocurrido en 1947, es el culpable de esta jornada Son ya 75 a\u00f1os desde que existe esta jornada, aunque no fue hasta el a\u00f1o 2001 cuando se estableci\u00f3 como fecha oficial. \u00bfPor qu\u00e9 [&hellip;]<\/p>\n","protected":false},"author":1,"featured_media":7200,"comment_status":"open","ping_status":"closed","sticky":false,"template":"","format":"standard","meta":{"footnotes":""},"categories":[2,5],"tags":[],"class_list":["post-7198","post","type-post","status-publish","format-standard","has-post-thumbnail","hentry","category-cultural","category-internacional"],"_links":{"self":[{"href":"https:\/\/podernacional.com\/index.php?rest_route=\/wp\/v2\/posts\/7198","targetHints":{"allow":["GET"]}}],"collection":[{"href":"https:\/\/podernacional.com\/index.php?rest_route=\/wp\/v2\/posts"}],"about":[{"href":"https:\/\/podernacional.com\/index.php?rest_route=\/wp\/v2\/types\/post"}],"author":[{"embeddable":true,"href":"https:\/\/podernacional.com\/index.php?rest_route=\/wp\/v2\/users\/1"}],"replies":[{"embeddable":true,"href":"https:\/\/podernacional.com\/index.php?rest_route=%2Fwp%2Fv2%2Fcomments&post=7198"}],"version-history":[{"count":1,"href":"https:\/\/podernacional.com\/index.php?rest_route=\/wp\/v2\/posts\/7198\/revisions"}],"predecessor-version":[{"id":7199,"href":"https:\/\/podernacional.com\/index.php?rest_route=\/wp\/v2\/posts\/7198\/revisions\/7199"}],"wp:featuredmedia":[{"embeddable":true,"href":"https:\/\/podernacional.com\/index.php?rest_route=\/wp\/v2\/media\/7200"}],"wp:attachment":[{"href":"https:\/\/podernacional.com\/index.php?rest_route=%2Fwp%2Fv2%2Fmedia&parent=7198"}],"wp:term":[{"taxonomy":"category","embeddable":true,"href":"https:\/\/podernacional.com\/index.php?rest_route=%2Fwp%2Fv2%2Fcategories&post=7198"},{"taxonomy":"post_tag","embeddable":true,"href":"https:\/\/podernacional.com\/index.php?rest_route=%2Fwp%2Fv2%2Ftags&post=7198"}],"curies":[{"name":"wp","href":"https:\/\/api.w.org\/{rel}","templated":true}]}}