{"id":7222,"date":"2022-07-04T19:20:08","date_gmt":"2022-07-05T00:20:08","guid":{"rendered":"https:\/\/podernacional.com\/?p=7222"},"modified":"2022-07-05T00:20:10","modified_gmt":"2022-07-05T00:20:10","slug":"recupera-30-piezas-arqueologicas-de-origen-mexicano-en-italia","status":"publish","type":"post","link":"https:\/\/podernacional.com\/?p=7222","title":{"rendered":"Recupera 30 piezas arqueol\u00f3gicas de origen mexicano en Italia"},"content":{"rendered":"<h4>Las piezas arqueol\u00f3gicas fueron recuperadas por las autoridades italianas en las ciudades de Ancona, Udine, N\u00e1poles y Roma al estar a la venta ilegalmente.<\/h4>\n<p>Piezas arqueol\u00f3gicas : A trav\u00e9s de un comunicado, la Secretar\u00eda de Relaciones Exteriores (SRE).<\/p>\n<p>Detall\u00f3 que el Gobierno de Italia restituy\u00f3 30 piezas arqueol\u00f3gicas al Gobierno de M\u00e9xico este 1 de julio.<\/p>\n<p>En una ceremonia realizada en la Embajada de M\u00e9xico en la ciudad de Roma.<\/p>\n<p>En el marco del centenario del establecimiento de la sede de la Embajada de M\u00e9xico en Italia.<\/p>\n<p>El embajador Carlos Garc\u00eda de Alba recibi\u00f3 de manos del Cuerpo de Carabineros para la Tutela del Patrimonio Cultural.<\/p>\n<p>Un lote de 30 piezas arqueol\u00f3gicas consideradas propiedad de M\u00e9xico.<\/p>\n<p>Al mismo tiempo, entreg\u00f3 a Italia, en reciprocidad, 1,271 documentos del destacado escultor italiano Ettore Ferrari.<\/p>\n<p>Al respecto, la Secretaria de Cultura de M\u00e9xico, Alejandra Frausto Guerrero, resalt\u00f3 que:<\/p>\n<p>\u201cItalia nos dio nuevamente un ejemplo de amistad y respeto por las culturas antiguas de nuestro pa\u00eds\u201d.<\/p>\n<p>\u201cCon esta entrega rec\u00edproca, ambas naciones sellamos nuestros lazos de cooperaci\u00f3n y compromiso, que hemos asumido con fuerza y convicci\u00f3n\u201d.<\/p>\n<p>&nbsp;<\/p>\n<h4>\u201cAs\u00ed como por ensalzar los valores culturales que nos dan identidad y orgullo\u201d.<\/h4>\n<p>En el evento de entrega estuvieron presentes:<\/p>\n<p>el ministro de la Cultura de Italia, Dario Franchescini; el comandante general del Arma de los Carabineros.<\/p>\n<p>As\u00ed como Teo Luzi; el comandante del cuerpo de Carabineros para la Tutela del Patrimonio Cultural, Roberto Riccardi; el director del Archivo Central del Estado.<\/p>\n<p>Andrea de Pasquale, y el doctor Arturo Zamora Jim\u00e9nez.<\/p>\n<p>Como testigo de honor el titular de la Unidad de Administraci\u00f3n y Finanzas de la Secretar\u00eda de Relaciones Exteriores, Mois\u00e9s Poblanno Silva\u00a0(Mexicanos).<\/p>\n<p>Las piezas fueron recuperadas en las ciudades de:<\/p>\n<p>Ancona, Udine, N\u00e1poles y Roma, incautadas por las autoridades italianas por encontrarse a la venta ilegalmente en sitios de internet.<\/p>\n<p>En una tienda en un mercado de antig\u00fcedades llamado \u201cPordenone Antiquaria\u201d.<\/p>\n<p>Ademas como\u00a0en una subasta de la firma Bertolami Fine Arts en Roma, as\u00ed como tambi\u00e9n de particulares.<\/p>\n<p>Los bienes culturales patrimonio de M\u00e9xico fueron reconocidos como aut\u00e9nticos y de origen mexicano por el Instituto Nacional de Antropolog\u00eda e Historia (INAH).<\/p>\n<p>Entre las piezas recuperadas se encuentran estatuillas, ollas, copas y figurillas antropomorfas, entre otras, que pertenecen a diversas culturas y \u00e9pocas prehisp\u00e1nicas de M\u00e9xico.<\/p>\n<p>&nbsp;<\/p>\n","protected":false},"excerpt":{"rendered":"<p>Las piezas arqueol\u00f3gicas fueron recuperadas por las autoridades italianas en las ciudades de Ancona, Udine, N\u00e1poles y Roma al estar a la venta ilegalmente. Piezas arqueol\u00f3gicas : A trav\u00e9s de un comunicado, la Secretar\u00eda de Relaciones Exteriores (SRE). Detall\u00f3 que el Gobierno de Italia restituy\u00f3 30 piezas arqueol\u00f3gicas al Gobierno de M\u00e9xico este 1 de [&hellip;]<\/p>\n","protected":false},"author":1,"featured_media":0,"comment_status":"open","ping_status":"closed","sticky":false,"template":"","format":"standard","meta":{"footnotes":""},"categories":[2,7],"tags":[],"class_list":["post-7222","post","type-post","status-publish","format-standard","hentry","category-cultural","category-nacional"],"_links":{"self":[{"href":"https:\/\/podernacional.com\/index.php?rest_route=\/wp\/v2\/posts\/7222","targetHints":{"allow":["GET"]}}],"collection":[{"href":"https:\/\/podernacional.com\/index.php?rest_route=\/wp\/v2\/posts"}],"about":[{"href":"https:\/\/podernacional.com\/index.php?rest_route=\/wp\/v2\/types\/post"}],"author":[{"embeddable":true,"href":"https:\/\/podernacional.com\/index.php?rest_route=\/wp\/v2\/users\/1"}],"replies":[{"embeddable":true,"href":"https:\/\/podernacional.com\/index.php?rest_route=%2Fwp%2Fv2%2Fcomments&post=7222"}],"version-history":[{"count":1,"href":"https:\/\/podernacional.com\/index.php?rest_route=\/wp\/v2\/posts\/7222\/revisions"}],"predecessor-version":[{"id":7223,"href":"https:\/\/podernacional.com\/index.php?rest_route=\/wp\/v2\/posts\/7222\/revisions\/7223"}],"wp:attachment":[{"href":"https:\/\/podernacional.com\/index.php?rest_route=%2Fwp%2Fv2%2Fmedia&parent=7222"}],"wp:term":[{"taxonomy":"category","embeddable":true,"href":"https:\/\/podernacional.com\/index.php?rest_route=%2Fwp%2Fv2%2Fcategories&post=7222"},{"taxonomy":"post_tag","embeddable":true,"href":"https:\/\/podernacional.com\/index.php?rest_route=%2Fwp%2Fv2%2Ftags&post=7222"}],"curies":[{"name":"wp","href":"https:\/\/api.w.org\/{rel}","templated":true}]}}