{"id":7227,"date":"2022-07-04T19:37:21","date_gmt":"2022-07-05T00:37:21","guid":{"rendered":"https:\/\/podernacional.com\/?p=7227"},"modified":"2022-07-05T00:37:23","modified_gmt":"2022-07-05T00:37:23","slug":"silvia-pinal-tendra-un-homenaje-en-bellas-artes","status":"publish","type":"post","link":"https:\/\/podernacional.com\/?p=7227","title":{"rendered":"Silvia Pinal tendr\u00e1 un homenaje en Bellas Artes"},"content":{"rendered":"<h4>Bellas Artes abre su sal\u00f3n principal para Silvia Pinal<\/h4>\n<p>Silvia Pinal: Por su trayectoria nacional e internacional en cine, teatro y televisi\u00f3n, Silvia Pinal.<\/p>\n<p>La cual recibir\u00e1 un homenaje en la Sala Principal del Palacio de Bellas Artes, el 29 de agosto, a las 19 horas.<\/p>\n<p>Adem\u00e1s, en su honor, se realizar\u00e1 un conversatorio en torno a la presencia.<\/p>\n<p>As\u00ed como aportaciones de Silvia Pinal en la \u00c9poca de Oro del Cine Mexicano, con la participaci\u00f3n de destacados cr\u00edticos.<\/p>\n<p>A trav\u00e9s de un comunicado, la Secretar\u00eda de Cultura federal, trav\u00e9s del Instituto Nacional de Bellas Artes y Literatura (Inbal) y de la Cineteca Nacional.<\/p>\n<p>Informan que su brillante actuaci\u00f3n en cintas de proyecci\u00f3n internacional, bajo la direcci\u00f3n de Luis Bu\u00f1uel, como la trilog\u00eda \u201cViridiana\u201d, \u201cEl \u00e1ngel exterminador\u201d.<\/p>\n<p>As\u00ed como \u201cSim\u00f3n del desierto\u201d, ser\u00e1n exhibidos en la Cineteca Nacional 28, 30 y 31 de agosto de 2022 como parte del homenaje.<\/p>\n<p>Como parte de la celebraci\u00f3n se retransmitir\u00e1 la serie de televisi\u00f3n, \u201cLos que hicieron nuestro cine\u201d, de Alejandro Pelayo.<\/p>\n<p>Se presentar\u00e1n pasajes y entrevistas con la primera actriz, en las que se rememorar\u00e1 su trabajo en \u201cViridiana\u201d.<\/p>\n<p>Entonces, se recrear\u00e1n algunas de las principales obras musicales que la llevaron a la fama como productora, estrella y pionera del teatro de dicho g\u00e9nero.<\/p>\n<p>&nbsp;<\/p>\n<h4>En colaboraci\u00f3n con su hija Sylvia Pasquel, el gobierno de M\u00e9xico reconocer\u00e1 a la primera actriz.<\/h4>\n<p>Quien inici\u00f3 su carrera art\u00edstica en la Escuela de Actuaci\u00f3n de Bellas Artes con maestros como Carlos Pellicer, Salvador Novo y Xavier Villaurrutia.<\/p>\n<p>Silvia Pinal debut\u00f3 en comedias radiof\u00f3nicas en la XEQ y luego de probar suerte como cantante de \u00f3pera.<\/p>\n<p>Interpret\u00f3 distintos papeles a principios de los a\u00f1os 1950; fue con la pel\u00edcula \u201cUn extra\u00f1o en la escalera (1954), del director argentino Tulio Demicheli.<\/p>\n<p>Con la que logr\u00f3 su internacionalizaci\u00f3n, debido a que fue enviada al Festival de Cannes.<\/p>\n<p>Su capacidad polifac\u00e9tica la condujo a ser elegida para participar en comedias cinematogr\u00e1ficas, como:<\/p>\n<p>\u201cEl rey del barrio\u201d, al lado de Germ\u00e1n Vald\u00e9s Tin Tan; as\u00ed como en \u201cEl inocente\u201d, con Pedro Infante.<\/p>\n","protected":false},"excerpt":{"rendered":"<p>Bellas Artes abre su sal\u00f3n principal para Silvia Pinal Silvia Pinal: Por su trayectoria nacional e internacional en cine, teatro y televisi\u00f3n, Silvia Pinal. La cual recibir\u00e1 un homenaje en la Sala Principal del Palacio de Bellas Artes, el 29 de agosto, a las 19 horas. Adem\u00e1s, en su honor, se realizar\u00e1 un conversatorio en [&hellip;]<\/p>\n","protected":false},"author":1,"featured_media":0,"comment_status":"open","ping_status":"closed","sticky":false,"template":"","format":"standard","meta":{"footnotes":""},"categories":[4,7],"tags":[],"class_list":["post-7227","post","type-post","status-publish","format-standard","hentry","category-espectaculos","category-nacional"],"_links":{"self":[{"href":"https:\/\/podernacional.com\/index.php?rest_route=\/wp\/v2\/posts\/7227","targetHints":{"allow":["GET"]}}],"collection":[{"href":"https:\/\/podernacional.com\/index.php?rest_route=\/wp\/v2\/posts"}],"about":[{"href":"https:\/\/podernacional.com\/index.php?rest_route=\/wp\/v2\/types\/post"}],"author":[{"embeddable":true,"href":"https:\/\/podernacional.com\/index.php?rest_route=\/wp\/v2\/users\/1"}],"replies":[{"embeddable":true,"href":"https:\/\/podernacional.com\/index.php?rest_route=%2Fwp%2Fv2%2Fcomments&post=7227"}],"version-history":[{"count":1,"href":"https:\/\/podernacional.com\/index.php?rest_route=\/wp\/v2\/posts\/7227\/revisions"}],"predecessor-version":[{"id":7228,"href":"https:\/\/podernacional.com\/index.php?rest_route=\/wp\/v2\/posts\/7227\/revisions\/7228"}],"wp:attachment":[{"href":"https:\/\/podernacional.com\/index.php?rest_route=%2Fwp%2Fv2%2Fmedia&parent=7227"}],"wp:term":[{"taxonomy":"category","embeddable":true,"href":"https:\/\/podernacional.com\/index.php?rest_route=%2Fwp%2Fv2%2Fcategories&post=7227"},{"taxonomy":"post_tag","embeddable":true,"href":"https:\/\/podernacional.com\/index.php?rest_route=%2Fwp%2Fv2%2Ftags&post=7227"}],"curies":[{"name":"wp","href":"https:\/\/api.w.org\/{rel}","templated":true}]}}