{"id":7229,"date":"2022-07-04T19:43:29","date_gmt":"2022-07-05T00:43:29","guid":{"rendered":"https:\/\/podernacional.com\/?p=7229"},"modified":"2022-07-05T00:43:31","modified_gmt":"2022-07-05T00:43:31","slug":"con-13-peliculas-puebla-participara-en-la-71-muestra-internacional-de-cine","status":"publish","type":"post","link":"https:\/\/podernacional.com\/?p=7229","title":{"rendered":"Con 13 pel\u00edculas, Puebla participar\u00e1 en la 71 Muestra Internacional de Cine"},"content":{"rendered":"<h4>La sede ser\u00e1 la Cinemateca Luis Bu\u00f1uel, ubicada en la 5 Oriente n\u00famero 5, Centro Hist\u00f3rico, cuya entrada ser\u00e1 gratuita<\/h4>\n<p>Muestra Internacional de Cine: Del 05 al 09 y del 12 al 14 de julio, Puebla participar\u00e1 en la 71 Muestra Internacional de Cine.<\/p>\n<p>La cual contar\u00e1 con la proyecci\u00f3n de 13 pel\u00edculas en la Cinemateca Luis Bu\u00f1uel.<\/p>\n<p>Ubicada en la 5 Oriente n\u00famero 5 colonia Centro, informa la Secretar\u00eda de Cultura.<\/p>\n<p>Esta edici\u00f3n integra tres largometrajes mexicanos, acompa\u00f1ados de proyecciones de pa\u00edses como:<\/p>\n<p>Estados Unidos, Alemania, Rusia, Francia, Jap\u00f3n, Uruguay, Dinamarca, Israel y Ucrania, que forman una perspectiva amplia del s\u00e9ptimo arte del siglo XXI.<\/p>\n<h4>Las pel\u00edculas son:<\/h4>\n<p>\u00abNudo Mixteco\u00bb a las 18:00 horas el 05 de julio.<\/p>\n<p>El 06 de julio \u00abSolo una mujer\u00bb y \u00abQueridos Camaradas\u00bb a las 17:00 horas y a las 19:00 horas.<\/p>\n<p>\u00abLa traviata, mis hermanos y yo\u00bb y \u00abDetengan la Tierra\u00bb a las 17:00 horas y 19:00 horas del 07 de julio.<\/p>\n<p>\u00abEnsayo de un crimen\u00bb a las 17:00 horas y \u00abNosotras\u00bb a las 19:00 horas, ambas el 08 de julio.<\/p>\n<p>Asimismo, la Cinemateca Luis Bu\u00f1uel presentar\u00e1:<\/p>\n<p>\u00abAs\u00ed habl\u00f3 el cambista\u00bb a las 17:00 horas.<\/p>\n<p>\u00abLa ruleta de fortuna y fantas\u00eda\u00bb a las 19:00 horas el 9 de julio; \u00abTraves\u00edas\u00bb a las 18:00 horas el 12 de julio.<\/p>\n<p>El 13 de julio \u00abTambi\u00e9n en el cielo\u00bb a las 17:00 horas y \u00abVoces doradas\u00bb a las 19:00 horas.<\/p>\n<p>Por \u00faltimo \u00abLa fiebre de Petrov\u00bb a las 17:00 horas el 14 de julio.<\/p>\n<h4>La entrada es gratuita con uso obligatorio de cubrebocas.<\/h4>\n<p>M\u00e1s informaci\u00f3n sobre la proyecci\u00f3n de estas pel\u00edculas en sc.puebla.gob.mx\/cartelera.<\/p>\n<p>As\u00ed como las redes sociales: Cinemateca Luis Bu\u00f1uel uebla (Facebook) y @cinemateca_pue (Twitter).<\/p>\n<p>No te puedes perder estas obras de muestra internacional de Cine, la cual ser\u00e1n 13 pel\u00edculas las que estar\u00e1n presentadas.<\/p>\n","protected":false},"excerpt":{"rendered":"<p>La sede ser\u00e1 la Cinemateca Luis Bu\u00f1uel, ubicada en la 5 Oriente n\u00famero 5, Centro Hist\u00f3rico, cuya entrada ser\u00e1 gratuita Muestra Internacional de Cine: Del 05 al 09 y del 12 al 14 de julio, Puebla participar\u00e1 en la 71 Muestra Internacional de Cine. La cual contar\u00e1 con la proyecci\u00f3n de 13 pel\u00edculas en la [&hellip;]<\/p>\n","protected":false},"author":1,"featured_media":7231,"comment_status":"open","ping_status":"closed","sticky":false,"template":"","format":"standard","meta":{"footnotes":""},"categories":[2,5],"tags":[],"class_list":["post-7229","post","type-post","status-publish","format-standard","has-post-thumbnail","hentry","category-cultural","category-internacional"],"_links":{"self":[{"href":"https:\/\/podernacional.com\/index.php?rest_route=\/wp\/v2\/posts\/7229","targetHints":{"allow":["GET"]}}],"collection":[{"href":"https:\/\/podernacional.com\/index.php?rest_route=\/wp\/v2\/posts"}],"about":[{"href":"https:\/\/podernacional.com\/index.php?rest_route=\/wp\/v2\/types\/post"}],"author":[{"embeddable":true,"href":"https:\/\/podernacional.com\/index.php?rest_route=\/wp\/v2\/users\/1"}],"replies":[{"embeddable":true,"href":"https:\/\/podernacional.com\/index.php?rest_route=%2Fwp%2Fv2%2Fcomments&post=7229"}],"version-history":[{"count":1,"href":"https:\/\/podernacional.com\/index.php?rest_route=\/wp\/v2\/posts\/7229\/revisions"}],"predecessor-version":[{"id":7230,"href":"https:\/\/podernacional.com\/index.php?rest_route=\/wp\/v2\/posts\/7229\/revisions\/7230"}],"wp:featuredmedia":[{"embeddable":true,"href":"https:\/\/podernacional.com\/index.php?rest_route=\/wp\/v2\/media\/7231"}],"wp:attachment":[{"href":"https:\/\/podernacional.com\/index.php?rest_route=%2Fwp%2Fv2%2Fmedia&parent=7229"}],"wp:term":[{"taxonomy":"category","embeddable":true,"href":"https:\/\/podernacional.com\/index.php?rest_route=%2Fwp%2Fv2%2Fcategories&post=7229"},{"taxonomy":"post_tag","embeddable":true,"href":"https:\/\/podernacional.com\/index.php?rest_route=%2Fwp%2Fv2%2Ftags&post=7229"}],"curies":[{"name":"wp","href":"https:\/\/api.w.org\/{rel}","templated":true}]}}