{"id":7235,"date":"2022-07-04T19:53:18","date_gmt":"2022-07-05T00:53:18","guid":{"rendered":"https:\/\/podernacional.com\/?p=7235"},"modified":"2022-07-05T00:53:19","modified_gmt":"2022-07-05T00:53:19","slug":"capacita-gobierno-de-zacatecas-a-funcionarias-y-funcionarios-que-disenaran-el-presupuesto-de-egresos-2023","status":"publish","type":"post","link":"https:\/\/podernacional.com\/?p=7235","title":{"rendered":"Capacita Gobierno de Zacatecas a funcionarias y funcionarios que dise\u00f1ar\u00e1n el Presupuesto de Egresos 2023"},"content":{"rendered":"<h4>Los programas y pol\u00edticas p\u00fablicas tendr\u00e1n que llevar un enfoque social<\/h4>\n<p>Gobierno del Zacatecas, que encabeza el mandatario David Monreal \u00c1vila, todo programa, acci\u00f3n y pol\u00edtica p\u00fablica debe llevar un enfoque social.<\/p>\n<p>Por lo que funcionarios y funcionarias participaron en el taller denominado Programas Presupuestarios 2023.<\/p>\n<p>Dicha actividad fue impartida por la Coordinaci\u00f3n Estatal de Planeaci\u00f3n (Coepla), en conjunto con la Secretar\u00eda de las Mujeres (Semujer).<\/p>\n<p>As\u00ed como el Sistema Estatal de Protecci\u00f3n Integral de Ni\u00f1as, Ni\u00f1os y Adolescentes (Sipinna) y la Subsecretar\u00eda de Prevenci\u00f3n Social del Delito.<\/p>\n<p>A\u00a0fin de dotar de herramientas necesarias a todas las dependencias y entidades de la Administraci\u00f3n P\u00fablica.<\/p>\n<p>Que conformar\u00e1n el anteproyecto del presupuesto de egresos del pr\u00f3ximo a\u00f1o.<\/p>\n<p>Orientar el gasto p\u00fablico para atender de manera ordenada y planificada las necesidades de cada sector social.<\/p>\n<p>Tendr\u00e1 que ser nuestra principal prioridad, se\u00f1al\u00f3 la Coordinadora Estatal de Planeaci\u00f3n, Ruth Ang\u00e9lica Conteras Rodr\u00edguez.<\/p>\n<p>Explic\u00f3 que todo programa tendr\u00e1 que llevar un enfoque social, que atienda necesidades concretas.<\/p>\n<p>&nbsp;<\/p>\n<h4>Adem\u00e1s de ir alineado a los principios rectores del Plan Estatal de Desarrollo 2022-2027.<\/h4>\n<p>En el Taller, que fue impartido durante cuatro d\u00edas, se les explic\u00f3 la metodolog\u00eda del:<\/p>\n<p>Marco l\u00f3gico, marco normativo, planeaci\u00f3n estrat\u00e9gica, programa presupuestario, matriz de indicadores para resultados y presupuestos transversales.<\/p>\n<p>As\u00ed como teor\u00eda fundamental para la implementaci\u00f3n de pol\u00edticas p\u00fablicas.<\/p>\n<p>A la capacitaci\u00f3n asistieron 50 representantes de dependencias y entidades del Gobierno de Zacatecas, como:<\/p>\n<p>Las secretar\u00edas de Finanzas, Seguridad P\u00fablica, Educaci\u00f3n, Turismo, Obras P\u00fablicas, Desarrollo Social, Salud, Desarrollo Urbano, Administraci\u00f3n, del Campo, y otras.<\/p>\n<p>Al concluir las jornadas de capacitaci\u00f3n interactiva, la titular de la Coepla agradeci\u00f3, a nombre del mandatario Monreal \u00c1vila.<\/p>\n<p>La disposici\u00f3n y el empe\u00f1o demostrado por las y los responsables de la programaci\u00f3n del gasto p\u00fablico.<\/p>\n<p>En dicha adquisici\u00f3n de m\u00e1s conocimientos para servir mejor a las familias zacatecanas.<\/p>\n<p>Por ende, Capacita Gobierno de Zacatecas a funcionarias y funcionarios que dise\u00f1ar\u00e1n el Presupuesto de Egresos 2023<\/p>\n<p>&nbsp;<\/p>\n","protected":false},"excerpt":{"rendered":"<p>Los programas y pol\u00edticas p\u00fablicas tendr\u00e1n que llevar un enfoque social Gobierno del Zacatecas, que encabeza el mandatario David Monreal \u00c1vila, todo programa, acci\u00f3n y pol\u00edtica p\u00fablica debe llevar un enfoque social. Por lo que funcionarios y funcionarias participaron en el taller denominado Programas Presupuestarios 2023. Dicha actividad fue impartida por la Coordinaci\u00f3n Estatal de [&hellip;]<\/p>\n","protected":false},"author":1,"featured_media":7237,"comment_status":"open","ping_status":"closed","sticky":false,"template":"","format":"standard","meta":{"footnotes":""},"categories":[7,9],"tags":[],"class_list":["post-7235","post","type-post","status-publish","format-standard","has-post-thumbnail","hentry","category-nacional","category-politica"],"_links":{"self":[{"href":"https:\/\/podernacional.com\/index.php?rest_route=\/wp\/v2\/posts\/7235","targetHints":{"allow":["GET"]}}],"collection":[{"href":"https:\/\/podernacional.com\/index.php?rest_route=\/wp\/v2\/posts"}],"about":[{"href":"https:\/\/podernacional.com\/index.php?rest_route=\/wp\/v2\/types\/post"}],"author":[{"embeddable":true,"href":"https:\/\/podernacional.com\/index.php?rest_route=\/wp\/v2\/users\/1"}],"replies":[{"embeddable":true,"href":"https:\/\/podernacional.com\/index.php?rest_route=%2Fwp%2Fv2%2Fcomments&post=7235"}],"version-history":[{"count":1,"href":"https:\/\/podernacional.com\/index.php?rest_route=\/wp\/v2\/posts\/7235\/revisions"}],"predecessor-version":[{"id":7236,"href":"https:\/\/podernacional.com\/index.php?rest_route=\/wp\/v2\/posts\/7235\/revisions\/7236"}],"wp:featuredmedia":[{"embeddable":true,"href":"https:\/\/podernacional.com\/index.php?rest_route=\/wp\/v2\/media\/7237"}],"wp:attachment":[{"href":"https:\/\/podernacional.com\/index.php?rest_route=%2Fwp%2Fv2%2Fmedia&parent=7235"}],"wp:term":[{"taxonomy":"category","embeddable":true,"href":"https:\/\/podernacional.com\/index.php?rest_route=%2Fwp%2Fv2%2Fcategories&post=7235"},{"taxonomy":"post_tag","embeddable":true,"href":"https:\/\/podernacional.com\/index.php?rest_route=%2Fwp%2Fv2%2Ftags&post=7235"}],"curies":[{"name":"wp","href":"https:\/\/api.w.org\/{rel}","templated":true}]}}