{"id":7238,"date":"2022-07-04T20:24:02","date_gmt":"2022-07-05T01:24:02","guid":{"rendered":"https:\/\/podernacional.com\/?p=7238"},"modified":"2022-07-05T01:24:04","modified_gmt":"2022-07-05T01:24:04","slug":"dinamarca-policia-descarta-movil-terrorista-en-tiroteo-en-centro-comercial-de-copenhague","status":"publish","type":"post","link":"https:\/\/podernacional.com\/?p=7238","title":{"rendered":"Dinamarca: Polic\u00eda descarta m\u00f3vil terrorista en tiroteo en centro comercial de Copenhague"},"content":{"rendered":"<h4>La polic\u00eda no identific\u00f3 un motivo para el ataque del domingo en uno de los centros comerciales m\u00e1s grandes de Escandinavia<\/h4>\n<p>Dinamarca: Hasta el momento, la polic\u00eda no ten\u00eda indicios de que alguien hubiera ayudado al atacante, adem\u00e1s sus motivaciones no estaban claras.<\/p>\n<p>La polic\u00eda danesa descart\u00f3 que el hombre que mat\u00f3 a tres personas durante un tiroteo en un centro comercial de Copenhague actu\u00f3 solo.<\/p>\n<p>Lo cual al parecer seleccion\u00f3 a sus v\u00edctimas al azar, por lo que pr\u00e1cticamente descart\u00f3 que el ataque fuera un \u00abacto de terrorismo\u00bb.<\/p>\n<p>La polic\u00eda no identific\u00f3 un motivo para el ataque del domingo en uno de los centros comerciales m\u00e1s grandes de Escandinavia.<\/p>\n<p>El sospechoso, que llevaba un fusil y un cuchillo, fue detenido r\u00e1pidamente.<\/p>\n<p>El hombre ten\u00eda acceso a otra arma, se\u00f1al\u00f3 el inspector jefe de la polic\u00eda de Copenhague, S\u00f8ren Thomassen.<\/p>\n<p>Las armas de fuego se hab\u00edan obtenido de forma ilegal y el sospechoso, un dan\u00e9s de 22 a\u00f1os.<\/p>\n<p>Ademas era conocido por servicios de salud mental, dijo Thomassen, que no dio m\u00e1s detalles.<\/p>\n<p>\u00abFue la peor pesadilla posible\u00bb, dijo el lunes la primera ministra de Dinamarca, Mette Frederiksen, que calific\u00f3 el ataque como \u00abinusualmente brutal\u00bb.<\/p>\n<p>Las v\u00edctimas mortales eran un chico de 17 a\u00f1os, una chica de 17 a\u00f1os, ambos daneses, y un hombre ruso de 47 a\u00f1os, dijo Thomassen.<\/p>\n<p>Otras cuatro personas -dos ciudadanos suecos y dos daneses- fueron atendidas por heridas de bala y se encontraban en estado cr\u00edtico, pero estable, dijo Thomassen.<\/p>\n<p>En total hab\u00eda 30 heridos, la mayor\u00eda por una estampida en p\u00e1nico que se produjo cuando sonaron disparos en el centro comercial Field&#8217;s.<\/p>\n<p>&nbsp;<\/p>\n<h4>En las afueras de Copenhague.<\/h4>\n<p>Estos ataques son inusuales en Dinamarca.<\/p>\n<p>El \u00faltimo de este calibre ocurri\u00f3 en febrero de 2015.<\/p>\n<p>Cuando un hombre de 22 a\u00f1os muri\u00f3 en un tiroteo con la polic\u00eda tras disparar contra la gente en la capital.<\/p>\n<p>Dos personas murieron y cinco polic\u00edas resultaron heridos.<\/p>\n<p>Estaba previsto que el sospechoso fuera procesado el lunes bajo cargos preliminares de asesinato.<\/p>\n<p>Un tr\u00e1mite previo a los cargos formales que permite a las autoridades mantener retenido a una persona durante la investigaci\u00f3n.<\/p>\n<p>&nbsp;<\/p>\n<h4>Sin motivaciones claras<\/h4>\n<p>Thomassen dijo que la polic\u00eda no ten\u00eda indicios de que alguien hubiera ayudado al atacante, y que sus motivaciones no estaban claras.<\/p>\n<p>\u00abNo hay nada en nuestra investigaci\u00f3n, o en los documentos que hemos analizado, o las cosas que hemos encontrado.<\/p>\n<p>O las declaraciones de testigos que hemos reunido, que pueda sostener que esto es un acto de terrorismo\u00bb, dijo Thomassen.<\/p>\n<p>Que hab\u00eda identificado al sospechoso como de \u00abetnia danesa\u00bb, una expresi\u00f3n utilizada habitualmente para una persona blanca.<\/p>\n<p>La cadena de televisi\u00f3n danesa TV2 public\u00f3 una foto de baja calidad del supuesto agresor.<\/p>\n<p>Quien llevaba pantalones cortos hasta las rodillas, un chaleco o camiseta sin mangas y parec\u00eda portar un fusil en su mano derecha.<\/p>\n<p>\u00abSe ve\u00eda muy violento y enojado\u00bb, dijo el testigo Mahdi Al Wazni a TV2.<\/p>\n<p>\u00abMe habl\u00f3 y me dijo que (el fusil) no era real mientras yo lo estaba grabando.<\/p>\n<p>\u00abParec\u00eda muy orgulloso de lo que hac\u00eda\u00bb.<\/p>\n<p>En las im\u00e1genes del lugar donde ocurri\u00f3 la balacera se ve\u00eda a la gente corriendo afuera del centro comercial.<\/p>\n<p>TV2 public\u00f3 una foto de un hombre que era colocado en una camilla.<\/p>\n<p>Despu\u00e9s del tiroteo, un enorme contingente de polic\u00edas fuertemente armados patrull\u00f3 la zona.<\/p>\n<p>En el estacionamiento tambi\u00e9n hab\u00eda varios veh\u00edculos de los bomberos.<\/p>\n","protected":false},"excerpt":{"rendered":"<p>La polic\u00eda no identific\u00f3 un motivo para el ataque del domingo en uno de los centros comerciales m\u00e1s grandes de Escandinavia Dinamarca: Hasta el momento, la polic\u00eda no ten\u00eda indicios de que alguien hubiera ayudado al atacante, adem\u00e1s sus motivaciones no estaban claras. La polic\u00eda danesa descart\u00f3 que el hombre que mat\u00f3 a tres personas [&hellip;]<\/p>\n","protected":false},"author":1,"featured_media":7240,"comment_status":"open","ping_status":"closed","sticky":false,"template":"","format":"standard","meta":{"footnotes":""},"categories":[5,8],"tags":[],"class_list":["post-7238","post","type-post","status-publish","format-standard","has-post-thumbnail","hentry","category-internacional","category-policia"],"_links":{"self":[{"href":"https:\/\/podernacional.com\/index.php?rest_route=\/wp\/v2\/posts\/7238","targetHints":{"allow":["GET"]}}],"collection":[{"href":"https:\/\/podernacional.com\/index.php?rest_route=\/wp\/v2\/posts"}],"about":[{"href":"https:\/\/podernacional.com\/index.php?rest_route=\/wp\/v2\/types\/post"}],"author":[{"embeddable":true,"href":"https:\/\/podernacional.com\/index.php?rest_route=\/wp\/v2\/users\/1"}],"replies":[{"embeddable":true,"href":"https:\/\/podernacional.com\/index.php?rest_route=%2Fwp%2Fv2%2Fcomments&post=7238"}],"version-history":[{"count":1,"href":"https:\/\/podernacional.com\/index.php?rest_route=\/wp\/v2\/posts\/7238\/revisions"}],"predecessor-version":[{"id":7239,"href":"https:\/\/podernacional.com\/index.php?rest_route=\/wp\/v2\/posts\/7238\/revisions\/7239"}],"wp:featuredmedia":[{"embeddable":true,"href":"https:\/\/podernacional.com\/index.php?rest_route=\/wp\/v2\/media\/7240"}],"wp:attachment":[{"href":"https:\/\/podernacional.com\/index.php?rest_route=%2Fwp%2Fv2%2Fmedia&parent=7238"}],"wp:term":[{"taxonomy":"category","embeddable":true,"href":"https:\/\/podernacional.com\/index.php?rest_route=%2Fwp%2Fv2%2Fcategories&post=7238"},{"taxonomy":"post_tag","embeddable":true,"href":"https:\/\/podernacional.com\/index.php?rest_route=%2Fwp%2Fv2%2Ftags&post=7238"}],"curies":[{"name":"wp","href":"https:\/\/api.w.org\/{rel}","templated":true}]}}