{"id":7269,"date":"2022-07-05T18:56:30","date_gmt":"2022-07-05T23:56:30","guid":{"rendered":"https:\/\/podernacional.com\/?p=7269"},"modified":"2022-07-05T23:56:31","modified_gmt":"2022-07-05T23:56:31","slug":"cancun-dispara-su-optimismo-con-nuevas-rutas-y-mas-frecuencias","status":"publish","type":"post","link":"https:\/\/podernacional.com\/?p=7269","title":{"rendered":"Canc\u00fan dispara su optimismo con nuevas rutas y m\u00e1s frecuencias"},"content":{"rendered":"<h4>El Aeropuerto Internacional de Canc\u00fan (AIC) se alista para recibir nuevas rutas y m\u00e1s frecuencias durante el periodo vacacional de verano.<\/h4>\n<p>Nuevas rutas: En tanto que la Secretar\u00eda de Turismo de Quintana Roo (Sedetur) prev\u00e9 que se superar\u00e1 hasta por 10 puntos la llegada de visitantes.<\/p>\n<p>En\u00a0comparaci\u00f3n con el a\u00f1o 2019.<\/p>\n<p>Tal como lo reflejan ya los libros de reservaciones en la mayor\u00eda de los hoteles.<\/p>\n<p>Carlos Trueba, director general del AIC, dijo que prev\u00e9n una intensa temporada de verano y que la recuperaci\u00f3n avanza favorablemente.<\/p>\n<p>Porque se estar\u00e1n sumando m\u00e1s frecuencias y nuevas rutas.<\/p>\n<p>Reconoci\u00f3 que es dif\u00edcil anticipar que se alcancen los 26 millones de pasajeros a finales de este a\u00f1o como lo est\u00e1 proyectando la Sedetur.<\/p>\n<p>Pero se espera al menos alcanzar una cifra muy cercana a esa, porque los n\u00fameros que se han presentado hasta ahora son muy alentadores.<\/p>\n<p>\u201cNo s\u00e9 si vamos a llegar a los 26 millones, pero podr\u00edamos estar en un n\u00famero muy cercano\u201d.<\/p>\n<p>\u201cSobre todo por las nuevas rutas y el reforzamiento de las ya existentes y un crecimiento importante en el n\u00famero de asientos disponibles\u201d, explic\u00f3 Trueba.<\/p>\n<p>Cabe destacar que el AIC report\u00f3 un total 1753 vuelos este fin de semana entre salidas y llegadas nacionales e internacionales.<\/p>\n<p>Por su parte el Secretario de Turismo de Quintana Roo, Bernardo Cueto Riestra.<\/p>\n<p>Destac\u00f3 que los niveles de reservaciones permiten tener amplias expectativas para el verano e incluso hacia el invierno.<\/p>\n<p>&nbsp;<\/p>\n<h4>Luego de que se han superado los niveles de 2019.<\/h4>\n<p>\u201cEsperamos un gran verano, las proyecciones son buenas por m\u00e1s del 10% del crecimiento con respecto al 2019\u201d.<\/p>\n<p>\u201cLos n\u00fameros no mienten, ah\u00ed est\u00e1n las proyecciones y estamos seguros de que estaremos alcanzando esas cifras que ser\u00e1n muy buenas para el estado\u201d, indic\u00f3.<\/p>\n<p>Canc\u00fan, Cozumel y Chetumal superar\u00e1n para final de a\u00f1o toda la oferta de vuelos de Los Cabos, Vallarta, Punta Cana, Montego Bay y Bahamas.<\/p>\n<p>Han alcanzando los 18 millones de asientos durante 2022, por lo que estiman un crecimiento del 25% en oferta de sillas.<\/p>\n<p>(Canc\u00fan superar\u00e1 total de vuelos a Los Cabos, Vallarta y Punta Cana)<\/p>\n","protected":false},"excerpt":{"rendered":"<p>El Aeropuerto Internacional de Canc\u00fan (AIC) se alista para recibir nuevas rutas y m\u00e1s frecuencias durante el periodo vacacional de verano. Nuevas rutas: En tanto que la Secretar\u00eda de Turismo de Quintana Roo (Sedetur) prev\u00e9 que se superar\u00e1 hasta por 10 puntos la llegada de visitantes. En\u00a0comparaci\u00f3n con el a\u00f1o 2019. Tal como lo reflejan [&hellip;]<\/p>\n","protected":false},"author":1,"featured_media":7271,"comment_status":"open","ping_status":"closed","sticky":false,"template":"","format":"standard","meta":{"footnotes":""},"categories":[6,10],"tags":[],"class_list":["post-7269","post","type-post","status-publish","format-standard","has-post-thumbnail","hentry","category-local","category-quintana-roo"],"_links":{"self":[{"href":"https:\/\/podernacional.com\/index.php?rest_route=\/wp\/v2\/posts\/7269","targetHints":{"allow":["GET"]}}],"collection":[{"href":"https:\/\/podernacional.com\/index.php?rest_route=\/wp\/v2\/posts"}],"about":[{"href":"https:\/\/podernacional.com\/index.php?rest_route=\/wp\/v2\/types\/post"}],"author":[{"embeddable":true,"href":"https:\/\/podernacional.com\/index.php?rest_route=\/wp\/v2\/users\/1"}],"replies":[{"embeddable":true,"href":"https:\/\/podernacional.com\/index.php?rest_route=%2Fwp%2Fv2%2Fcomments&post=7269"}],"version-history":[{"count":1,"href":"https:\/\/podernacional.com\/index.php?rest_route=\/wp\/v2\/posts\/7269\/revisions"}],"predecessor-version":[{"id":7270,"href":"https:\/\/podernacional.com\/index.php?rest_route=\/wp\/v2\/posts\/7269\/revisions\/7270"}],"wp:featuredmedia":[{"embeddable":true,"href":"https:\/\/podernacional.com\/index.php?rest_route=\/wp\/v2\/media\/7271"}],"wp:attachment":[{"href":"https:\/\/podernacional.com\/index.php?rest_route=%2Fwp%2Fv2%2Fmedia&parent=7269"}],"wp:term":[{"taxonomy":"category","embeddable":true,"href":"https:\/\/podernacional.com\/index.php?rest_route=%2Fwp%2Fv2%2Fcategories&post=7269"},{"taxonomy":"post_tag","embeddable":true,"href":"https:\/\/podernacional.com\/index.php?rest_route=%2Fwp%2Fv2%2Ftags&post=7269"}],"curies":[{"name":"wp","href":"https:\/\/api.w.org\/{rel}","templated":true}]}}