{"id":7275,"date":"2022-07-05T19:06:49","date_gmt":"2022-07-06T00:06:49","guid":{"rendered":"https:\/\/podernacional.com\/?p=7275"},"modified":"2022-07-06T00:06:50","modified_gmt":"2022-07-06T00:06:50","slug":"quinta-ola-de-covid-19-en-mexico-se-reportan-27973-contagios-y-75-muertes-en-un-dia","status":"publish","type":"post","link":"https:\/\/podernacional.com\/?p=7275","title":{"rendered":"Quinta ola de COVID-19 en M\u00e9xico: Se reportan 27,973 contagios y 75 muertes en un d\u00eda"},"content":{"rendered":"<h4>De acuerdo con la Secretar\u00eda de Salud, M\u00e9xico suma 169 mil 711 casos activos estimados de COVID-19.<\/h4>\n<p>COVID-19: Entre lunes y martes, M\u00e9xico sum\u00f3 m\u00e1s de 13 mil casos activos estimados de COVID-19.<\/p>\n<p>En las \u00faltimas 24 horas, M\u00e9xico report\u00f3 27 mil 973 contagios y 75 muertes por COVID-19.<\/p>\n<p>De acuerdo con el informe t\u00e9cnico de la<a href=\"https:\/\/www.gob.mx\/salud\"> Secretar\u00eda de Salud<\/a>, al corte de este martes 5 de julio.<\/p>\n<p>El pa\u00eds acumula 6 millones 121 mil 808 casos positivos y 325 mil 868 defunciones a causa de COVID.<\/p>\n<p>La dependencia detall\u00f3 que, hasta este d\u00eda, se tienen detectados 169 mil 711 casos activos de COVID-19.<\/p>\n<p>Mismos que se encuentran de manera predominante en las siguientes entidades:<\/p>\n<p>Ciudad de M\u00e9xico, Baja California Sur, Quintana Roo, Sinaloa, Yucat\u00e1n, Colima, Nuevo Le\u00f3n, Quer\u00e9taro, Tabasco y San Luis Potos\u00ed.<\/p>\n<p>Se consideran casos activos a aquellos positivos que iniciaron s\u00edntomas en los \u00faltimos 14 d\u00edas.<\/p>\n<p>Permitiendo identificar d\u00f3nde hay mayor actividad viral y aumento en la transmisi\u00f3n del virus.<\/p>\n<p>M\u00e9xico tuvo un incremento de 13 mil casos activos estimados de COVID en las \u00faltimas 24 horas.<\/p>\n<p>&nbsp;<\/p>\n<h4>Pasando de 156 mil a 169 mil en un d\u00eda.<\/h4>\n<p>Sobre los casos confirmados acumulados por estado, las 10 primeras entidades que acumulan el mayor n\u00famero de casos son:<\/p>\n<p>Ciudad de M\u00e9xico, Estado de M\u00e9xico, Nuevo Le\u00f3n, Guanajuato, Jalisco, San Luis Potos\u00ed, Tabasco, Veracruz, Puebla y Sonora, que en conjunto conforman el 65%.<\/p>\n<p>En las \u00faltimas cinco semanas, la mayor parte de los casos est\u00e1n presentes en los grupos de 18 a 29 a\u00f1os.<\/p>\n<p>Seguido del grupo de 30 a 39 a\u00f1os y 40 a 49 a\u00f1os.<\/p>\n<p>A nivel global, en las \u00faltimas 24 horas, se reportaron 467 mil 144 casos y 682 defunciones defunciones por esta enfermedad.<\/p>\n<p>El pasado mi\u00e9rcoles 29 de junio, M\u00e9xico super\u00f3 los seis millones de contagios de COVID-19.<\/p>\n<p>Luego de dos a\u00f1os y cuatro meses de haberse confirmado el primer caso en el pa\u00eds.<\/p>\n<p>Esto de acuerdo con las cifras de la Secretar\u00eda de Salud.<\/p>\n","protected":false},"excerpt":{"rendered":"<p>De acuerdo con la Secretar\u00eda de Salud, M\u00e9xico suma 169 mil 711 casos activos estimados de COVID-19. COVID-19: Entre lunes y martes, M\u00e9xico sum\u00f3 m\u00e1s de 13 mil casos activos estimados de COVID-19. En las \u00faltimas 24 horas, M\u00e9xico report\u00f3 27 mil 973 contagios y 75 muertes por COVID-19. De acuerdo con el informe t\u00e9cnico [&hellip;]<\/p>\n","protected":false},"author":1,"featured_media":7277,"comment_status":"open","ping_status":"closed","sticky":false,"template":"","format":"standard","meta":{"footnotes":""},"categories":[7,11],"tags":[],"class_list":["post-7275","post","type-post","status-publish","format-standard","has-post-thumbnail","hentry","category-nacional","category-salud"],"_links":{"self":[{"href":"https:\/\/podernacional.com\/index.php?rest_route=\/wp\/v2\/posts\/7275","targetHints":{"allow":["GET"]}}],"collection":[{"href":"https:\/\/podernacional.com\/index.php?rest_route=\/wp\/v2\/posts"}],"about":[{"href":"https:\/\/podernacional.com\/index.php?rest_route=\/wp\/v2\/types\/post"}],"author":[{"embeddable":true,"href":"https:\/\/podernacional.com\/index.php?rest_route=\/wp\/v2\/users\/1"}],"replies":[{"embeddable":true,"href":"https:\/\/podernacional.com\/index.php?rest_route=%2Fwp%2Fv2%2Fcomments&post=7275"}],"version-history":[{"count":1,"href":"https:\/\/podernacional.com\/index.php?rest_route=\/wp\/v2\/posts\/7275\/revisions"}],"predecessor-version":[{"id":7276,"href":"https:\/\/podernacional.com\/index.php?rest_route=\/wp\/v2\/posts\/7275\/revisions\/7276"}],"wp:featuredmedia":[{"embeddable":true,"href":"https:\/\/podernacional.com\/index.php?rest_route=\/wp\/v2\/media\/7277"}],"wp:attachment":[{"href":"https:\/\/podernacional.com\/index.php?rest_route=%2Fwp%2Fv2%2Fmedia&parent=7275"}],"wp:term":[{"taxonomy":"category","embeddable":true,"href":"https:\/\/podernacional.com\/index.php?rest_route=%2Fwp%2Fv2%2Fcategories&post=7275"},{"taxonomy":"post_tag","embeddable":true,"href":"https:\/\/podernacional.com\/index.php?rest_route=%2Fwp%2Fv2%2Ftags&post=7275"}],"curies":[{"name":"wp","href":"https:\/\/api.w.org\/{rel}","templated":true}]}}