{"id":7284,"date":"2022-07-05T20:14:31","date_gmt":"2022-07-06T01:14:31","guid":{"rendered":"https:\/\/podernacional.com\/?p=7284"},"modified":"2022-07-06T01:14:32","modified_gmt":"2022-07-06T01:14:32","slug":"participacion-de-jovenes-en-la-politica-clave-para-una-sociedad-justa-e-incluyente-consejera-electoral","status":"publish","type":"post","link":"https:\/\/podernacional.com\/?p=7284","title":{"rendered":"Participaci\u00f3n de j\u00f3venes en la pol\u00edtica, clave para una sociedad justa e incluyente: Consejera Electoral"},"content":{"rendered":"<h4>\u00a0Con el objetivo de emprender acciones que fomenten el ejercicio de los derechos pol\u00edtico-electorales de la ciudadan\u00eda.<\/h4>\n<p>Consejera Electoral: As\u00ed como brindar a la juventud un panorama de la incidencia de su participaci\u00f3n en la pol\u00edtica y democracia actuales.<\/p>\n<p>La 15 Junta Distrital Ejecutiva del Instituto Nacional Electoral (INE) del estado de Puebla organiz\u00f3 la ponencia:<\/p>\n<p>\u201cLa participaci\u00f3n de la juventud en los ejercicios democr\u00e1ticos y sus retos ante una sociedad m\u00e1s incluyente e igualitaria\u201d.<\/p>\n<p>Impartida por Dania Paola Ravel Cuevas, consejera electoral del Consejo General del INE.<\/p>\n<p>La conferencia, realizada en el marco de la alianza de colaboraci\u00f3n entre la 15 Junta Distrital Ejecutiva y la Red Mundial de J\u00f3venes Pol\u00edticos XV-Tehuac\u00e1n.<\/p>\n<p>Se llev\u00f3 a cabo en el Auditorio Complejo Regional Sur Benem\u00e9rita Universidad Aut\u00f3noma de Puebla, en el municipio de Tehuac\u00e1n.<\/p>\n<p>Ah\u00ed el Delegado Estatal del INE Puebla, Marcos Rodr\u00edguez del Castillo, en su mensaje de bienvenida.<\/p>\n<p>Refiri\u00f3 que es necesario construir enfoques que permitan impulsar pol\u00edticas p\u00fablicas que mejoren la calidad de vida de las y los j\u00f3venes.<\/p>\n<p>\u201cLas pol\u00edticas y las decisiones que les afectan deben ser diferentes a las de los adultos porque la juventud tiene una agenda p\u00fablica propia\u201d.<\/p>\n<p>&nbsp;<\/p>\n<h4>Problem\u00e1ticas espec\u00edficas y acciones pol\u00edticas conforme a un grupo de edad determinado.<\/h4>\n<p>\u201cLo anterior no implica que no compartan con otros grupos etarios agendas p\u00fablicas\u201d.<\/p>\n<p>No obstante, puede haber una segmentaci\u00f3n de la sociedad por edad atendiendo \u00a0a un componente meramente biol\u00f3gico.<\/p>\n<p>Que en parte es el constructor de las condiciones socioecon\u00f3micas que afectan a las y los j\u00f3venes\u201d, enfatiz\u00f3.<\/p>\n<p>En este sentido, al dictar su conferencia, la consejera electoral, Dania Paola Ravel Cuevas, destac\u00f3 el impacto de este grupo poblacional en los procesos electorales.<\/p>\n<p>Se\u00f1alando que las nuevas generaciones de personas deben apropiarse de los procesos electorales y participar de manera activa e informada.<\/p>\n<p>Agreg\u00f3 que la mejora de la calidad de la democracia es una tarea colectiva permanente ya que:<\/p>\n<p>\u201clas elecciones son el instrumento por excelencia que ha demostrado que es posible procesar las diferencias de un pa\u00eds plural y diverso como M\u00e9xico\u201d.<\/p>\n<p>&nbsp;<\/p>\n<h4>De manera pac\u00edfica y con la finalidad de incidir de forma efectiva en la atenci\u00f3n de problemas comunes.<\/h4>\n<p>En su intervenci\u00f3n, la Vocal Ejecutiva de la 15 Junta Ejecutiva Distrital.<\/p>\n<p>Ana Guadalupe Piedras Mart\u00ednez refiri\u00f3 que las pol\u00edticas p\u00fablicas para la juventud son un asunto y una responsabilidad de todos y todas.<\/p>\n<p>Deben estar encaminadas a garantizar la vigencia de sus derechos.<\/p>\n<p>Finaliz\u00f3 indicando que la Junta Distrital que encabeza busca con \u00e9sta y otras actividades vincular a la juventud con las actividades que desarrolla el INE.<\/p>\n<p>De manera general, construir ciudadan\u00eda y fortalecer nuestra democracia.<\/p>\n<p>En el evento estuvieron tambi\u00e9n presentes la Directora del Complejo Sur de la BUAP, Mariana Vaquero Mart\u00ednez.<\/p>\n<p>La directora regional de la Red Mundial de J\u00f3venes Pol\u00edticos en Puebla, \u00c1ngeles P\u00e9rez Zavala.<\/p>\n<p>La vocal de Organizaci\u00f3n Electoral de la 15 JDE, Mar\u00eda Dolores Cer\u00f3n Maza.<\/p>\n<p>La vocal del Registro Federal de Electores de la 15 JDE, Mar\u00eda de los \u00c1ngeles Mart\u00ednez Tiburcio.<\/p>\n<p>Ademas, el Vocal de Capacitaci\u00f3n Electoral y Educaci\u00f3n C\u00edvica de la 15 JDE, Manuel Jes\u00fas V\u00e1zquez Alonzo.<\/p>\n","protected":false},"excerpt":{"rendered":"<p>\u00a0Con el objetivo de emprender acciones que fomenten el ejercicio de los derechos pol\u00edtico-electorales de la ciudadan\u00eda. Consejera Electoral: As\u00ed como brindar a la juventud un panorama de la incidencia de su participaci\u00f3n en la pol\u00edtica y democracia actuales. La 15 Junta Distrital Ejecutiva del Instituto Nacional Electoral (INE) del estado de Puebla organiz\u00f3 la [&hellip;]<\/p>\n","protected":false},"author":1,"featured_media":7286,"comment_status":"open","ping_status":"closed","sticky":false,"template":"","format":"standard","meta":{"footnotes":""},"categories":[7,9],"tags":[],"class_list":["post-7284","post","type-post","status-publish","format-standard","has-post-thumbnail","hentry","category-nacional","category-politica"],"_links":{"self":[{"href":"https:\/\/podernacional.com\/index.php?rest_route=\/wp\/v2\/posts\/7284","targetHints":{"allow":["GET"]}}],"collection":[{"href":"https:\/\/podernacional.com\/index.php?rest_route=\/wp\/v2\/posts"}],"about":[{"href":"https:\/\/podernacional.com\/index.php?rest_route=\/wp\/v2\/types\/post"}],"author":[{"embeddable":true,"href":"https:\/\/podernacional.com\/index.php?rest_route=\/wp\/v2\/users\/1"}],"replies":[{"embeddable":true,"href":"https:\/\/podernacional.com\/index.php?rest_route=%2Fwp%2Fv2%2Fcomments&post=7284"}],"version-history":[{"count":1,"href":"https:\/\/podernacional.com\/index.php?rest_route=\/wp\/v2\/posts\/7284\/revisions"}],"predecessor-version":[{"id":7285,"href":"https:\/\/podernacional.com\/index.php?rest_route=\/wp\/v2\/posts\/7284\/revisions\/7285"}],"wp:featuredmedia":[{"embeddable":true,"href":"https:\/\/podernacional.com\/index.php?rest_route=\/wp\/v2\/media\/7286"}],"wp:attachment":[{"href":"https:\/\/podernacional.com\/index.php?rest_route=%2Fwp%2Fv2%2Fmedia&parent=7284"}],"wp:term":[{"taxonomy":"category","embeddable":true,"href":"https:\/\/podernacional.com\/index.php?rest_route=%2Fwp%2Fv2%2Fcategories&post=7284"},{"taxonomy":"post_tag","embeddable":true,"href":"https:\/\/podernacional.com\/index.php?rest_route=%2Fwp%2Fv2%2Ftags&post=7284"}],"curies":[{"name":"wp","href":"https:\/\/api.w.org\/{rel}","templated":true}]}}