{"id":7290,"date":"2022-07-06T17:08:28","date_gmt":"2022-07-06T22:08:28","guid":{"rendered":"https:\/\/podernacional.com\/?p=7290"},"modified":"2022-07-06T22:08:29","modified_gmt":"2022-07-06T22:08:29","slug":"llega-a-coahuila-el-ciclo-de-cine-antesala-miradas-de-mujeres-mexicanas","status":"publish","type":"post","link":"https:\/\/podernacional.com\/?p=7290","title":{"rendered":"Llega a Coahuila el ciclo de cine \u201cAntesala. Miradas de mujeres mexicanas\u201d"},"content":{"rendered":"<h4>Para continuar incentivando el gusto por el S\u00e9ptimo Arte, llega a nuestra ciudad, del 9 al 29 de julio.<\/h4>\n<p>Cine : El programa del ciclo de cine \u201cAntesala. Miradas de mujeres mexicanas\u201d.<\/p>\n<p>Seg\u00fan lo dio a conocer Gabriela Balleza, coordinadora del \u00c1rea de Cine de la Secretar\u00eda de Cultura de Coahuila (SC).<\/p>\n<p>Este ciclo se proyectar\u00e1 en la Sala Emilio \u00abIndio\u00bb Fern\u00e1ndez durante el mes de julio.<\/p>\n<p>Ademas de darse las\u00a0gracias al trabajo en colaboraci\u00f3n con los organizadores de la Muestra de Cine de Coahuila, quienes obtuvieron un apoyo de FOCINE.<\/p>\n<p>Eduardo Trevi\u00f1o, Carlos S\u00e1enz y Ofelia Hern\u00e1ndez son los j\u00f3venes impulsores de este proyecto, originarios de la Regi\u00f3n Laguna de Coahuila.<\/p>\n<p>Ademas de que gracias a su entusiasmo y pasi\u00f3n por el S\u00e9ptimo Arte est\u00e1n desarrollando diversos proyectos para acercar m\u00e1s p\u00fablico a disfrutar del cine.<\/p>\n<p>Las funciones son los viernes y s\u00e1bados, con la proyecci\u00f3n de dos cortometrajes en un horario de las 18:00 horas.<\/p>\n<p>&nbsp;<\/p>\n<h4>La entrada es libre de acuerdo a la siguiente programaci\u00f3n:<\/h4>\n<p>+ S\u00e1bado 9 de julio, \u201cVemos m\u00e1s cuanto mayor es la oscuridad\u201d, de Alejandra Sald\u00edvar y \u201cLola\u201d de Mar\u00eda Novaro.<\/p>\n<p>+ Viernes 15 de julio, \u201cGertrudis Blues\u201d, de Patricia Carrillo, y \u201cLa danza del hipocampo\u201d, de Gabriela Dom\u00ednguez Ruvalcaba.<\/p>\n<p>+ S\u00e1bado 16 de julio, \u201cLos colores de mi huella\u201d, de Brenda Garc\u00eda L\u00f3pez , y \u201cPerfume de violetas\u201d, de Maryse Sistach.<\/p>\n<p>+ Viernes 22 de julio, \u201cNoche sin luci\u00e9rnagas\u201d, de Andrea Porras, y \u201cNo quiero dormir sola\u201d, de Natalia Beristain.<\/p>\n<p>+ Viernes 29 de julio, \u201cLas desaparecidas\u201d, de Astrid Dom\u00ednguez, y \u201cEl camino del sol\u201d, de Claudia Sainte\u2013Luce.<\/p>\n<p>\u201cCon este ciclo de cine y otros m\u00e1s que se realizan promovemos el gusto por el cine e incentivamos adem\u00e1s a los creadores coahuilenses\u201d.<\/p>\n<p>Para que contin\u00faen realizando diversas producciones con el sello de calidad que los cineastas de nuestro estado imprimen a cada una de sus producciones\u201d.<\/p>\n","protected":false},"excerpt":{"rendered":"<p>Para continuar incentivando el gusto por el S\u00e9ptimo Arte, llega a nuestra ciudad, del 9 al 29 de julio. Cine : El programa del ciclo de cine \u201cAntesala. Miradas de mujeres mexicanas\u201d. Seg\u00fan lo dio a conocer Gabriela Balleza, coordinadora del \u00c1rea de Cine de la Secretar\u00eda de Cultura de Coahuila (SC). Este ciclo se [&hellip;]<\/p>\n","protected":false},"author":1,"featured_media":7292,"comment_status":"open","ping_status":"closed","sticky":false,"template":"","format":"standard","meta":{"footnotes":""},"categories":[2,7],"tags":[],"class_list":["post-7290","post","type-post","status-publish","format-standard","has-post-thumbnail","hentry","category-cultural","category-nacional"],"_links":{"self":[{"href":"https:\/\/podernacional.com\/index.php?rest_route=\/wp\/v2\/posts\/7290","targetHints":{"allow":["GET"]}}],"collection":[{"href":"https:\/\/podernacional.com\/index.php?rest_route=\/wp\/v2\/posts"}],"about":[{"href":"https:\/\/podernacional.com\/index.php?rest_route=\/wp\/v2\/types\/post"}],"author":[{"embeddable":true,"href":"https:\/\/podernacional.com\/index.php?rest_route=\/wp\/v2\/users\/1"}],"replies":[{"embeddable":true,"href":"https:\/\/podernacional.com\/index.php?rest_route=%2Fwp%2Fv2%2Fcomments&post=7290"}],"version-history":[{"count":1,"href":"https:\/\/podernacional.com\/index.php?rest_route=\/wp\/v2\/posts\/7290\/revisions"}],"predecessor-version":[{"id":7291,"href":"https:\/\/podernacional.com\/index.php?rest_route=\/wp\/v2\/posts\/7290\/revisions\/7291"}],"wp:featuredmedia":[{"embeddable":true,"href":"https:\/\/podernacional.com\/index.php?rest_route=\/wp\/v2\/media\/7292"}],"wp:attachment":[{"href":"https:\/\/podernacional.com\/index.php?rest_route=%2Fwp%2Fv2%2Fmedia&parent=7290"}],"wp:term":[{"taxonomy":"category","embeddable":true,"href":"https:\/\/podernacional.com\/index.php?rest_route=%2Fwp%2Fv2%2Fcategories&post=7290"},{"taxonomy":"post_tag","embeddable":true,"href":"https:\/\/podernacional.com\/index.php?rest_route=%2Fwp%2Fv2%2Ftags&post=7290"}],"curies":[{"name":"wp","href":"https:\/\/api.w.org\/{rel}","templated":true}]}}